{"id":13480,"date":"2017-06-28T08:44:34","date_gmt":"2017-06-28T08:44:34","guid":{"rendered":"http:\/\/citizenshiprightsafrica.org\/cote-divoir-lutte-contre-lapatridie-la-cndhci-pour-la-prise-de-mesure-de-protection-des-concernes\/"},"modified":"2017-07-05T21:06:00","modified_gmt":"2017-07-05T21:06:00","slug":"cote-divoir-lutte-contre-lapatridie-la-cndhci-pour-la-prise-de-mesure-de-protection-des-concernes","status":"publish","type":"post","link":"https:\/\/citizenshiprightsafrica.org\/en\/cote-divoir-lutte-contre-lapatridie-la-cndhci-pour-la-prise-de-mesure-de-protection-des-concernes\/","title":{"rendered":"C\u00f4te d&#8217;Ivoire: Lutte contre l\u2019Apatridie, la CNDHCI pour la prise de mesure de protection des concern\u00e9s"},"content":{"rendered":"<p>&#8220;L\u2019efficacit\u00e9 de la lutte contre l\u2019apatridie d\u00e9pend d\u2019abord de l\u2019\u00e9limination des causes de la non d\u00e9claration des naissances, causes intimement li\u00e9es aux barri\u00e8res administratives, l\u00e9gislatives, \u00e9conomiques, politiques, et la non prise en compte des r\u00e9alit\u00e9s culturelles\u2019\u2019, c\u2019est en ces termes que la pr\u00e9sidente de la Commission Nationale des Droits de l\u2019Homme de C\u00f4te d\u2019Ivoire, Namizata Sangar\u00e9, a plant\u00e9 le d\u00e9cor de la table-ronde sur l\u2019Apatridie, organis\u00e9e par son institution, le mardi 27 juin 2017, \u00e0 la salle de conf\u00e9rence du Cerap, Cocody, Mermoz.<\/p>\n<p><a href=\"http:\/\/news.abidjan.net\/h\/617567.html\">Lire la suite<\/a><\/p>\n","protected":false},"excerpt":{"rendered":"&#8220;L\u2019efficacit\u00e9 de la lutte contre l\u2019apatridie d\u00e9pend d\u2019abord de l\u2019\u00e9limination des causes de la non d\u00e9claration des naissances, causes intimement li\u00e9es aux barri\u00e8res administratives, l\u00e9gislatives, \u00e9conomiques, politiques, et la non prise en compte des r\u00e9alit\u00e9s culturelles\u2019\u2019, c\u2019est en ces termes que la pr\u00e9sidente de la Commission Nationale des Droits de l\u2019Homme de C\u00f4te d\u2019Ivoire, Namizata [&hellip;]","protected":false},"author":4,"featured_media":0,"comment_status":"closed","ping_status":"closed","sticky":false,"template":"","format":"standard","meta":{"_acf_changed":false,"_monsterinsights_skip_tracking":false,"_monsterinsights_sitenote_active":false,"_monsterinsights_sitenote_note":"","_monsterinsights_sitenote_category":0,"footnotes":""},"categories":[1],"tags":[],"class_list":["post-13480","post","type-post","status-publish","format-standard","hentry","category-uncategorized","region-cote-divoire","region-west-africa","type-news-articles","item-year-631","item-theme-statelessness"],"acf":[],"_links":{"self":[{"href":"https:\/\/citizenshiprightsafrica.org\/en\/wp-json\/wp\/v2\/posts\/13480","targetHints":{"allow":["GET"]}}],"collection":[{"href":"https:\/\/citizenshiprightsafrica.org\/en\/wp-json\/wp\/v2\/posts"}],"about":[{"href":"https:\/\/citizenshiprightsafrica.org\/en\/wp-json\/wp\/v2\/types\/post"}],"author":[{"embeddable":true,"href":"https:\/\/citizenshiprightsafrica.org\/en\/wp-json\/wp\/v2\/users\/4"}],"replies":[{"embeddable":true,"href":"https:\/\/citizenshiprightsafrica.org\/en\/wp-json\/wp\/v2\/comments?post=13480"}],"version-history":[{"count":1,"href":"https:\/\/citizenshiprightsafrica.org\/en\/wp-json\/wp\/v2\/posts\/13480\/revisions"}],"predecessor-version":[{"id":13487,"href":"https:\/\/citizenshiprightsafrica.org\/en\/wp-json\/wp\/v2\/posts\/13480\/revisions\/13487"}],"wp:attachment":[{"href":"https:\/\/citizenshiprightsafrica.org\/en\/wp-json\/wp\/v2\/media?parent=13480"}],"wp:term":[{"taxonomy":"category","embeddable":true,"href":"https:\/\/citizenshiprightsafrica.org\/en\/wp-json\/wp\/v2\/categories?post=13480"},{"taxonomy":"post_tag","embeddable":true,"href":"https:\/\/citizenshiprightsafrica.org\/en\/wp-json\/wp\/v2\/tags?post=13480"}],"curies":[{"name":"wp","href":"https:\/\/api.w.org\/{rel}","templated":true}]}}