{"id":13559,"date":"2017-07-15T12:25:23","date_gmt":"2017-07-15T12:25:23","guid":{"rendered":"http:\/\/citizenshiprightsafrica.org\/un-enfant-sur-deux-sans-identite-en-afrique-subsaharienne\/"},"modified":"2017-07-15T12:25:23","modified_gmt":"2017-07-15T12:25:23","slug":"un-enfant-sur-deux-sans-identite-en-afrique-subsaharienne","status":"publish","type":"post","link":"https:\/\/citizenshiprightsafrica.org\/en\/un-enfant-sur-deux-sans-identite-en-afrique-subsaharienne\/","title":{"rendered":"Un enfant sur deux sans identit\u00e9 en Afrique subsaharienne"},"content":{"rendered":"<p>Le 9 mai 2017, la lutte contre l\u2019apatridie faisait un pas de plus en Afrique de l\u2019Ouest. Ce jour-l\u00e0, \u00e0 Banjul, la Communaut\u00e9 Economique des Etats de l\u2019Afrique de l\u2019Ouest (CEDEAO) a adopt\u00e9 un Plan d\u2019action pour r\u00e9gulariser le million d\u2019apatrides dans la r\u00e9gion. Ce plan d\u2019action fait suite \u00e0 la D\u00e9claration d\u2019Abidjan du 25 f\u00e9vrier 2017 qui reconna\u00eet l\u2019apatridie comme un fl\u00e9au en Afrique de l\u2019Ouest et dans laquelle les Etats se sont en effet engag\u00e9s \u00e0 mettre fin \u00e0 ce ph\u00e9nom\u00e8ne d\u2019ici 2024. Tout cela t\u00e9moigne, aussi \u00e9tonnant et d\u00e9concertant soit-il, qu\u2019en 2017, il existe encore des personnes, sans patrie, sans nationalit\u00e9. Au-del\u00e0 donc des engagements pris par les Etats, quelles sont les mesures concr\u00e8tes pouvant faire tarir les sources de l\u2019apatridie en Afrique\u00a0?<\/p>\n<p><a href=\"http:\/\/www.afrik.com\/un-enfant-sur-deux-sans-identite-en-afrique-subsaharienne\">Lire la suite<\/a><\/p>\n","protected":false},"excerpt":{"rendered":"Le 9 mai 2017, la lutte contre l\u2019apatridie faisait un pas de plus en Afrique de l\u2019Ouest. Ce jour-l\u00e0, \u00e0 Banjul, la Communaut\u00e9 Economique des Etats de l\u2019Afrique de l\u2019Ouest (CEDEAO) a adopt\u00e9 un Plan d\u2019action pour r\u00e9gulariser le million d\u2019apatrides dans la r\u00e9gion. Ce plan d\u2019action fait suite \u00e0 la D\u00e9claration d\u2019Abidjan du 25 [&hellip;]","protected":false},"author":4,"featured_media":0,"comment_status":"closed","ping_status":"closed","sticky":false,"template":"","format":"standard","meta":{"_acf_changed":false,"_monsterinsights_skip_tracking":false,"_monsterinsights_sitenote_active":false,"_monsterinsights_sitenote_note":"","_monsterinsights_sitenote_category":0,"footnotes":""},"categories":[1],"tags":[],"class_list":["post-13559","post","type-post","status-publish","format-standard","hentry","category-uncategorized","region-west-africa","type-news-articles","item-year-631","item-theme-birth-registration","item-theme-identity-documents","item-theme-statelessness"],"acf":[],"_links":{"self":[{"href":"https:\/\/citizenshiprightsafrica.org\/en\/wp-json\/wp\/v2\/posts\/13559","targetHints":{"allow":["GET"]}}],"collection":[{"href":"https:\/\/citizenshiprightsafrica.org\/en\/wp-json\/wp\/v2\/posts"}],"about":[{"href":"https:\/\/citizenshiprightsafrica.org\/en\/wp-json\/wp\/v2\/types\/post"}],"author":[{"embeddable":true,"href":"https:\/\/citizenshiprightsafrica.org\/en\/wp-json\/wp\/v2\/users\/4"}],"replies":[{"embeddable":true,"href":"https:\/\/citizenshiprightsafrica.org\/en\/wp-json\/wp\/v2\/comments?post=13559"}],"version-history":[{"count":0,"href":"https:\/\/citizenshiprightsafrica.org\/en\/wp-json\/wp\/v2\/posts\/13559\/revisions"}],"wp:attachment":[{"href":"https:\/\/citizenshiprightsafrica.org\/en\/wp-json\/wp\/v2\/media?parent=13559"}],"wp:term":[{"taxonomy":"category","embeddable":true,"href":"https:\/\/citizenshiprightsafrica.org\/en\/wp-json\/wp\/v2\/categories?post=13559"},{"taxonomy":"post_tag","embeddable":true,"href":"https:\/\/citizenshiprightsafrica.org\/en\/wp-json\/wp\/v2\/tags?post=13559"}],"curies":[{"name":"wp","href":"https:\/\/api.w.org\/{rel}","templated":true}]}}