{"id":14104,"date":"2017-04-04T08:48:27","date_gmt":"2017-04-04T08:48:27","guid":{"rendered":"http:\/\/citizenshiprightsafrica.org\/?p=14104"},"modified":"2017-08-14T08:55:22","modified_gmt":"2017-08-14T08:55:22","slug":"niger-le-journaliste-vedette-baba-alpha-en-prison-pour-faux-et-usage-de-faux","status":"publish","type":"post","link":"https:\/\/citizenshiprightsafrica.org\/en\/niger-le-journaliste-vedette-baba-alpha-en-prison-pour-faux-et-usage-de-faux\/","title":{"rendered":"Niger: le journaliste vedette Baba Alpha en prison pour \u00abfaux et usage de faux\u00bb"},"content":{"rendered":"<p>Au Niger, le journaliste de la cha\u00eene Bonferey, Baba Alpha, vient de passer sa premi\u00e8re nuit en prison, ce mardi 4 avril 2017. En garde \u00e0 vue depuis jeudi 30 mars, il a \u00e9t\u00e9 inculp\u00e9, lundi 3 avril, de faux et usage de faux. Son p\u00e8re, \u00e2g\u00e9 de 70 ans, arr\u00eat\u00e9 le m\u00eame jour, est aussi poursuivi pour les m\u00eames raisons. Issu d&#8217;une famille originaire du Mali, le journaliste vedette de la cha\u00eene Bonferey est soup\u00e7onn\u00e9 d&#8217;avoir utilis\u00e9 de faux documents pour obtenir sa nationalit\u00e9 nig\u00e9rienne en 2011. Pour ses avocats, il n&#8217;y a pas de doute, on s&#8217;en prend \u00e0 lui aujourd&#8217;hui parce qu&#8217;il est tr\u00e8s critique \u00e0 l&#8217;\u00e9gard du r\u00e9gime.<\/p>\n<p>Lire la suite:<a href=\"http:\/\/www.rfi.fr\/afrique\/20170404-niger-journaliste-prison-baba-alpha-faux-papiers-nationalite\" target=\"_blank\" rel=\"noopener noreferrer\"> http:\/\/www.rfi.fr\/afrique\/20170404-niger-journaliste-prison-baba-alpha-faux-papiers-nationalite<\/a><\/p>\n","protected":false},"excerpt":{"rendered":"Au Niger, le journaliste de la cha\u00eene Bonferey, Baba Alpha, vient de passer sa premi\u00e8re nuit en prison, ce mardi 4 avril 2017. En garde \u00e0 vue depuis jeudi 30 mars, il a \u00e9t\u00e9 inculp\u00e9, lundi 3 avril, de faux et usage de faux. Son p\u00e8re, \u00e2g\u00e9 de 70 ans, arr\u00eat\u00e9 le m\u00eame jour, est [&hellip;]","protected":false},"author":3,"featured_media":0,"comment_status":"closed","ping_status":"closed","sticky":false,"template":"","format":"standard","meta":{"_acf_changed":false,"_monsterinsights_skip_tracking":false,"_monsterinsights_sitenote_active":false,"_monsterinsights_sitenote_note":"","_monsterinsights_sitenote_category":0,"footnotes":""},"categories":[1],"tags":[],"class_list":["post-14104","post","type-post","status-publish","format-standard","hentry","category-uncategorized","region-niger","type-news-articles","item-year-631","item-theme-loss-and-deprivation-of-nationality"],"acf":[],"_links":{"self":[{"href":"https:\/\/citizenshiprightsafrica.org\/en\/wp-json\/wp\/v2\/posts\/14104","targetHints":{"allow":["GET"]}}],"collection":[{"href":"https:\/\/citizenshiprightsafrica.org\/en\/wp-json\/wp\/v2\/posts"}],"about":[{"href":"https:\/\/citizenshiprightsafrica.org\/en\/wp-json\/wp\/v2\/types\/post"}],"author":[{"embeddable":true,"href":"https:\/\/citizenshiprightsafrica.org\/en\/wp-json\/wp\/v2\/users\/3"}],"replies":[{"embeddable":true,"href":"https:\/\/citizenshiprightsafrica.org\/en\/wp-json\/wp\/v2\/comments?post=14104"}],"version-history":[{"count":1,"href":"https:\/\/citizenshiprightsafrica.org\/en\/wp-json\/wp\/v2\/posts\/14104\/revisions"}],"predecessor-version":[{"id":14105,"href":"https:\/\/citizenshiprightsafrica.org\/en\/wp-json\/wp\/v2\/posts\/14104\/revisions\/14105"}],"wp:attachment":[{"href":"https:\/\/citizenshiprightsafrica.org\/en\/wp-json\/wp\/v2\/media?parent=14104"}],"wp:term":[{"taxonomy":"category","embeddable":true,"href":"https:\/\/citizenshiprightsafrica.org\/en\/wp-json\/wp\/v2\/categories?post=14104"},{"taxonomy":"post_tag","embeddable":true,"href":"https:\/\/citizenshiprightsafrica.org\/en\/wp-json\/wp\/v2\/tags?post=14104"}],"curies":[{"name":"wp","href":"https:\/\/api.w.org\/{rel}","templated":true}]}}