{"id":14216,"date":"2017-08-17T12:31:32","date_gmt":"2017-08-17T12:31:32","guid":{"rendered":"http:\/\/citizenshiprightsafrica.org\/cote-divoire-apatridie-un-film-institutionnel-pour-lutter-contre-le-fleau\/"},"modified":"2017-08-22T21:54:46","modified_gmt":"2017-08-22T21:54:46","slug":"cote-divoire-apatridie-un-film-institutionnel-pour-lutter-contre-le-fleau","status":"publish","type":"post","link":"https:\/\/citizenshiprightsafrica.org\/en\/cote-divoire-apatridie-un-film-institutionnel-pour-lutter-contre-le-fleau\/","title":{"rendered":"C\u00f4te d&#8217;Ivoire: Apatridie: Un film institutionnel pour lutter contre le fl\u00e9au"},"content":{"rendered":"<p>Le minist\u00e8re des Affaires \u00e9trang\u00e8res, \u00e0 travers le Service d\u2019aide et d\u2019assistance aux r\u00e9fugi\u00e9s et apatrides (Saara), en collaboration avec le Haut-Commissariat des nations unies pour les r\u00e9fugi\u00e9s (Hcr), a organis\u00e9, le 16 ao\u00fbt, au Plateau, la c\u00e9r\u00e9monie de pr\u00e9sentation officielle d\u2019un film institutionnel de lutte contre l\u2019apatridie.<\/p>\n<p>Intitul\u00e9 \u00ab D\u00e9clarons nos Enfants \u00bb, ce film d\u2019une dur\u00e9e de 13 min, dont le co\u00fbt est estim\u00e9 \u00e0 8 millions de FCfa, s\u2019inscrit dans le cadre de la strat\u00e9gie de sensibilisation pour pr\u00e9venir les risques d\u2019apatridie. Il sera diffus\u00e9 pour sensibiliser les populations \u00e0 lutter contre ce ph\u00e9nom\u00e8ne.<\/p>\n<p><a href=\"https:\/\/www.fratmat.info\/index.php\/politique\/apatridie-un-film-institutionnel-pour-lutter-contre-le-fleau\">Lire la suite<\/a><\/p>\n","protected":false},"excerpt":{"rendered":"Le minist\u00e8re des Affaires \u00e9trang\u00e8res, \u00e0 travers le Service d\u2019aide et d\u2019assistance aux r\u00e9fugi\u00e9s et apatrides (Saara), en collaboration avec le Haut-Commissariat des nations unies pour les r\u00e9fugi\u00e9s (Hcr), a organis\u00e9, le 16 ao\u00fbt, au Plateau, la c\u00e9r\u00e9monie de pr\u00e9sentation officielle d\u2019un film institutionnel de lutte contre l\u2019apatridie. Intitul\u00e9 \u00ab D\u00e9clarons nos Enfants \u00bb, ce [&hellip;]","protected":false},"author":4,"featured_media":0,"comment_status":"closed","ping_status":"closed","sticky":false,"template":"","format":"standard","meta":{"_acf_changed":false,"_monsterinsights_skip_tracking":false,"_monsterinsights_sitenote_active":false,"_monsterinsights_sitenote_note":"","_monsterinsights_sitenote_category":0,"footnotes":""},"categories":[1],"tags":[],"class_list":["post-14216","post","type-post","status-publish","format-standard","hentry","category-uncategorized","region-cote-divoire","region-west-africa","type-news-articles","item-year-631","item-theme-birth-registration","item-theme-statelessness"],"acf":[],"_links":{"self":[{"href":"https:\/\/citizenshiprightsafrica.org\/en\/wp-json\/wp\/v2\/posts\/14216","targetHints":{"allow":["GET"]}}],"collection":[{"href":"https:\/\/citizenshiprightsafrica.org\/en\/wp-json\/wp\/v2\/posts"}],"about":[{"href":"https:\/\/citizenshiprightsafrica.org\/en\/wp-json\/wp\/v2\/types\/post"}],"author":[{"embeddable":true,"href":"https:\/\/citizenshiprightsafrica.org\/en\/wp-json\/wp\/v2\/users\/4"}],"replies":[{"embeddable":true,"href":"https:\/\/citizenshiprightsafrica.org\/en\/wp-json\/wp\/v2\/comments?post=14216"}],"version-history":[{"count":2,"href":"https:\/\/citizenshiprightsafrica.org\/en\/wp-json\/wp\/v2\/posts\/14216\/revisions"}],"predecessor-version":[{"id":14228,"href":"https:\/\/citizenshiprightsafrica.org\/en\/wp-json\/wp\/v2\/posts\/14216\/revisions\/14228"}],"wp:attachment":[{"href":"https:\/\/citizenshiprightsafrica.org\/en\/wp-json\/wp\/v2\/media?parent=14216"}],"wp:term":[{"taxonomy":"category","embeddable":true,"href":"https:\/\/citizenshiprightsafrica.org\/en\/wp-json\/wp\/v2\/categories?post=14216"},{"taxonomy":"post_tag","embeddable":true,"href":"https:\/\/citizenshiprightsafrica.org\/en\/wp-json\/wp\/v2\/tags?post=14216"}],"curies":[{"name":"wp","href":"https:\/\/api.w.org\/{rel}","templated":true}]}}