{"id":16106,"date":"2018-01-12T17:40:39","date_gmt":"2018-01-12T17:40:39","guid":{"rendered":"http:\/\/citizenshiprightsafrica.org\/?p=16106"},"modified":"2020-07-30T13:19:42","modified_gmt":"2020-07-30T13:19:42","slug":"au-maroc-la-proposition-de-perte-de-la-nationalite-suscite-lindignation-de-la-communaute-juive-marocaine","status":"publish","type":"post","link":"https:\/\/citizenshiprightsafrica.org\/en\/au-maroc-la-proposition-de-perte-de-la-nationalite-suscite-lindignation-de-la-communaute-juive-marocaine\/","title":{"rendered":"Au Maroc, la proposition de perte de la nationalit\u00e9 suscite l\u2019indignation de la communaut\u00e9 juive marocaine"},"content":{"rendered":"<div class=\"chapeau\">\n<p class=\"access\">Narjis Rerhaye (A Rabat)<\/p>\n<p class=\"access\">Coup de communication calcul\u00e9 ou surench\u00e8re irr\u00e9fl\u00e9chie ? En tout cas, la proposition du secr\u00e9taire g\u00e9n\u00e9ral du &#8220;Parti Authenticit\u00e9 et Modernit\u00e9&#8221; (PAM), Ilyas Elomari, de d\u00e9choir de leur nationalit\u00e9 les colons juifs d\u2019origine marocaine continue de faire couler une encre sombre au Maroc.<\/p>\n<p>Derni\u00e8re r\u00e9action en date, et pas des moindres, celle de Serge Berdugo, le Secr\u00e9taire g\u00e9n\u00e9ral du Conseil de la communaut\u00e9 isra\u00e9lite du Maroc qui consid\u00e8re qu\u2019une telle proposition de loi n\u2019est pas &#8220;pragmatique&#8221;, &#8220;impossible \u00e0 r\u00e9aliser&#8221; et &#8221; risquant de poser un probl\u00e8me constitutionnel&#8221;.<\/p>\n<p class=\"access\">Lire la suite: <a href=\"https:\/\/www.atlasinfo.fr\/Au-Maroc-la-proposition-de-perte-de-la-nationalite-suscite-l-indignation-de-la-communaute-juive-marocaine_a88626.html\" target=\"_blank\" rel=\"noopener noreferrer\">https:\/\/www.atlasinfo.fr\/Au-Maroc-la-proposition-de-perte-de-la-nationalite-suscite-l-indignation-de-la-communaute-juive-marocaine_a88626.html<\/a><\/p>\n<\/div>\n","protected":false},"excerpt":{"rendered":"Narjis Rerhaye (A Rabat) Coup de communication calcul\u00e9 ou surench\u00e8re irr\u00e9fl\u00e9chie ? En tout cas, la proposition du secr\u00e9taire g\u00e9n\u00e9ral du &#8220;Parti Authenticit\u00e9 et Modernit\u00e9&#8221; (PAM), Ilyas Elomari, de d\u00e9choir de leur nationalit\u00e9 les colons juifs d\u2019origine marocaine continue de faire couler une encre sombre au Maroc. Derni\u00e8re r\u00e9action en date, et pas des moindres, [&hellip;]","protected":false},"author":3,"featured_media":0,"comment_status":"closed","ping_status":"closed","sticky":false,"template":"","format":"standard","meta":{"_acf_changed":false,"_monsterinsights_skip_tracking":false,"_monsterinsights_sitenote_active":false,"_monsterinsights_sitenote_note":"","_monsterinsights_sitenote_category":0,"footnotes":""},"categories":[1],"tags":[],"class_list":["post-16106","post","type-post","status-publish","format-standard","hentry","category-uncategorized","region-morocco","type-news-articles","item-year-642","item-theme-discrimination","item-theme-ethnic-racial-religious","item-theme-loss-and-deprivation-of-nationality"],"acf":[],"_links":{"self":[{"href":"https:\/\/citizenshiprightsafrica.org\/en\/wp-json\/wp\/v2\/posts\/16106","targetHints":{"allow":["GET"]}}],"collection":[{"href":"https:\/\/citizenshiprightsafrica.org\/en\/wp-json\/wp\/v2\/posts"}],"about":[{"href":"https:\/\/citizenshiprightsafrica.org\/en\/wp-json\/wp\/v2\/types\/post"}],"author":[{"embeddable":true,"href":"https:\/\/citizenshiprightsafrica.org\/en\/wp-json\/wp\/v2\/users\/3"}],"replies":[{"embeddable":true,"href":"https:\/\/citizenshiprightsafrica.org\/en\/wp-json\/wp\/v2\/comments?post=16106"}],"version-history":[{"count":3,"href":"https:\/\/citizenshiprightsafrica.org\/en\/wp-json\/wp\/v2\/posts\/16106\/revisions"}],"predecessor-version":[{"id":28092,"href":"https:\/\/citizenshiprightsafrica.org\/en\/wp-json\/wp\/v2\/posts\/16106\/revisions\/28092"}],"wp:attachment":[{"href":"https:\/\/citizenshiprightsafrica.org\/en\/wp-json\/wp\/v2\/media?parent=16106"}],"wp:term":[{"taxonomy":"category","embeddable":true,"href":"https:\/\/citizenshiprightsafrica.org\/en\/wp-json\/wp\/v2\/categories?post=16106"},{"taxonomy":"post_tag","embeddable":true,"href":"https:\/\/citizenshiprightsafrica.org\/en\/wp-json\/wp\/v2\/tags?post=16106"}],"curies":[{"name":"wp","href":"https:\/\/api.w.org\/{rel}","templated":true}]}}