{"id":16117,"date":"2018-01-08T17:48:19","date_gmt":"2018-01-08T17:48:19","guid":{"rendered":"http:\/\/citizenshiprightsafrica.org\/?p=16117"},"modified":"2018-02-17T17:50:11","modified_gmt":"2018-02-17T17:50:11","slug":"maroc-retrait-de-la-nationalite-aux-juifs-marocains-serge-berdugo-denonce-une-aberration","status":"publish","type":"post","link":"https:\/\/citizenshiprightsafrica.org\/en\/maroc-retrait-de-la-nationalite-aux-juifs-marocains-serge-berdugo-denonce-une-aberration\/","title":{"rendered":"Maroc: Retrait de la nationalit\u00e9 aux juifs marocains: Serge Berdugo d\u00e9nonce une &#8220;aberration&#8221;"},"content":{"rendered":"<p>Des personnalit\u00e9s de la communaut\u00e9 jud\u00e9o-marocaine ont manifest\u00e9 leur hostilit\u00e9 \u00e0 la proposition de loi pour la d\u00e9ch\u00e9ance de la nationalit\u00e9 aux juifs marocains install\u00e9s dans des colonies isra\u00e9liennes.<\/p>\n<p class=\"caps\">Le secr\u00e9taire g\u00e9n\u00e9ral du Conseil de la communaut\u00e9 isra\u00e9lite du Maroc Serge Berdugo fulmine contre un projet de loi que le PAM souhaite d\u00e9poser\u00a0au Parlement. Et pour cause,\u00a0ledit projet vise\u00a0\u00e0 retirer la nationalit\u00e9 aux juifs marocains \u00e9tablis dans les colonies en Cisjordanie.<\/p>\n<p class=\"caps\">Lire la suite: <a href=\"https:\/\/telquel.ma\/2018\/01\/08\/decheance-nationalite-promesse-dilyas-el-omari-khaled-mechaal-fait-emules-chez-les-juifs-marocains_1575682\" target=\"_blank\" rel=\"noopener noreferrer\">https:\/\/telquel.ma\/2018\/01\/08\/decheance-nationalite-promesse-dilyas-el-omari-khaled-mechaal-fait-emules-chez-les-juifs-marocains_1575682<\/a><\/p>\n","protected":false},"excerpt":{"rendered":"Des personnalit\u00e9s de la communaut\u00e9 jud\u00e9o-marocaine ont manifest\u00e9 leur hostilit\u00e9 \u00e0 la proposition de loi pour la d\u00e9ch\u00e9ance de la nationalit\u00e9 aux juifs marocains install\u00e9s dans des colonies isra\u00e9liennes. Le secr\u00e9taire g\u00e9n\u00e9ral du Conseil de la communaut\u00e9 isra\u00e9lite du Maroc Serge Berdugo fulmine contre un projet de loi que le PAM souhaite d\u00e9poser\u00a0au Parlement. Et [&hellip;]","protected":false},"author":3,"featured_media":0,"comment_status":"closed","ping_status":"closed","sticky":false,"template":"","format":"standard","meta":{"_acf_changed":false,"_monsterinsights_skip_tracking":false,"_monsterinsights_sitenote_active":false,"_monsterinsights_sitenote_note":"","_monsterinsights_sitenote_category":0,"footnotes":""},"categories":[1],"tags":[],"class_list":["post-16117","post","type-post","status-publish","format-standard","hentry","category-uncategorized","region-morocco","type-news-articles","item-year-642","item-theme-discrimination","item-theme-ethnic-racial-religious","item-theme-loss-and-deprivation-of-nationality"],"acf":[],"_links":{"self":[{"href":"https:\/\/citizenshiprightsafrica.org\/en\/wp-json\/wp\/v2\/posts\/16117","targetHints":{"allow":["GET"]}}],"collection":[{"href":"https:\/\/citizenshiprightsafrica.org\/en\/wp-json\/wp\/v2\/posts"}],"about":[{"href":"https:\/\/citizenshiprightsafrica.org\/en\/wp-json\/wp\/v2\/types\/post"}],"author":[{"embeddable":true,"href":"https:\/\/citizenshiprightsafrica.org\/en\/wp-json\/wp\/v2\/users\/3"}],"replies":[{"embeddable":true,"href":"https:\/\/citizenshiprightsafrica.org\/en\/wp-json\/wp\/v2\/comments?post=16117"}],"version-history":[{"count":1,"href":"https:\/\/citizenshiprightsafrica.org\/en\/wp-json\/wp\/v2\/posts\/16117\/revisions"}],"predecessor-version":[{"id":16118,"href":"https:\/\/citizenshiprightsafrica.org\/en\/wp-json\/wp\/v2\/posts\/16117\/revisions\/16118"}],"wp:attachment":[{"href":"https:\/\/citizenshiprightsafrica.org\/en\/wp-json\/wp\/v2\/media?parent=16117"}],"wp:term":[{"taxonomy":"category","embeddable":true,"href":"https:\/\/citizenshiprightsafrica.org\/en\/wp-json\/wp\/v2\/categories?post=16117"},{"taxonomy":"post_tag","embeddable":true,"href":"https:\/\/citizenshiprightsafrica.org\/en\/wp-json\/wp\/v2\/tags?post=16117"}],"curies":[{"name":"wp","href":"https:\/\/api.w.org\/{rel}","templated":true}]}}