{"id":19214,"date":"2017-12-22T10:57:53","date_gmt":"2017-12-22T10:57:53","guid":{"rendered":"http:\/\/citizenshiprightsafrica.org\/?p=19214"},"modified":"2018-07-10T23:00:11","modified_gmt":"2018-07-10T23:00:11","slug":"selon-i-watch-sakher-el-materi-aurait-refait-sa-vie-aux-seychelles-et-recevrait-de-largent-du-qatar-et-des-emirats","status":"publish","type":"post","link":"https:\/\/citizenshiprightsafrica.org\/en\/selon-i-watch-sakher-el-materi-aurait-refait-sa-vie-aux-seychelles-et-recevrait-de-largent-du-qatar-et-des-emirats\/","title":{"rendered":"Selon I Watch, Sakher El Materi aurait refait sa vie aux Seychelles et recevrait de l&#8217;argent du Qatar et des Emirats"},"content":{"rendered":"<div class=\"author-card__details\"><span class=\"author-card__details-container\"> <a class=\"author-card__details__name\" data-ylk=\"subsec:byline;cpos:1;pos:1\" data-rapid-sec=\"{&quot;entry-header&quot;:&quot;entry-header&quot;}\" data-rapid-pos=\"1\" data-rapid_p=\"5\" data-v9y=\"1\">Wafa Samoud<\/a> <\/span> <span class=\"author-card__microbio\">HuffPost Tunisie<\/span><\/div>\n<div class=\"author-card__details\">\n<p>L&#8217;organisation I Watch a d\u00e9voil\u00e9, lors d&#8217;une conf\u00e9rence de presse tenue vendredi, que Sakher El-Materi, le gendre de Ben Ali, a finalement obtenu la nationalit\u00e9 seychelloise, et ce malgr\u00e9 les efforts d\u00e9ploy\u00e9s par l\u2019organisation pour s&#8217;opposer \u00e0 cette d\u00e9cision.<\/p>\n<p>I Watch a, par ailleurs, d\u00e9nonc\u00e9 l&#8217;absence de volont\u00e9 politique des autorit\u00e9s tunisiennes et critiqu\u00e9 le silence et le manque de r\u00e9activit\u00e9 du minist\u00e8re de la Justice \u00e0 ce sujet, rapporte <a href=\"https:\/\/www.mosaiquefm.net\/ar\/%D8%AA%D9%88%D9%86%D8%B3-%D8%A3%D8%AE%D8%A8%D8%A7%D8%B1-%D9%88%D8%B7%D9%86%D9%8A%D8%A9\/258669\/%D8%A3%D9%86%D8%A7-%D9%8A%D9%82%D8%B8-%D8%A7%D9%84%D9%85%D8%A7%D8%B7%D8%B1%D9%8A-%D8%AA%D8%AD%D8%B5%D9%84-%D8%B9%D9%84%D9%89-%D8%AA%D8%AD%D9%88%D9%8A%D9%84%D8%A7%D8%AA-%D8%A8%D9%86%D9%83%D9%8A%D8%A9-%D9%85%D9%86-%D9%82%D8%B7%D8%B1-%D9%88%D8%A7%D9%84%D8%A5%D9%85%D8%A7%D8%B1%D8%A7%D8%AA-%D8%A8%D8%B5%D9%81%D8%A9-%D8%AF%D9%88%D8%B1%D9%8A%D8%A9\" target=\"_hplink\" data-rapid-elm=\"context_link\" data-ylk=\"elm:context_link\" data-rapid-sec=\"{&quot;entry-text&quot;:&quot;entry-text&quot;}\" data-rapid_p=\"1\" data-v9y=\"1\">Mosa\u00efque Fm<\/a>. &#8220;Avec l&#8217;aide d&#8217;autres filiales de l&#8217;organisation \u00e0 l&#8217;international, nous avons tent\u00e9 de faire recours et s&#8217;opposer \u00e0 cette d\u00e9cision, mais faute d&#8217;obtention des jugements condamnant El Materi nous n&#8217;avons pas abouti \u00e0 nos fins&#8221; a d\u00e9clar\u00e9 Youssef Belgacem, membre de l&#8217;organisation. Il a indiqu\u00e9, par ailleurs, qu&#8217;une plainte a \u00e9t\u00e9 d\u00e9pos\u00e9e \u00e0 l&#8217;encontre du minist\u00e8re de la Justice concernant cette affaire.<\/p>\n<p>Lire la suite: <a href=\"https:\/\/www.huffpostmaghreb.com\/2017\/12\/22\/sakher-materi_n_18893094.html\" target=\"_blank\" rel=\"noopener noreferrer\">https:\/\/www.huffpostmaghreb.com\/2017\/12\/22\/sakher-materi_n_18893094.html<\/a><\/p>\n<\/div>\n","protected":false},"excerpt":{"rendered":"Wafa Samoud HuffPost Tunisie L&#8217;organisation I Watch a d\u00e9voil\u00e9, lors d&#8217;une conf\u00e9rence de presse tenue vendredi, que Sakher El-Materi, le gendre de Ben Ali, a finalement obtenu la nationalit\u00e9 seychelloise, et ce malgr\u00e9 les efforts d\u00e9ploy\u00e9s par l\u2019organisation pour s&#8217;opposer \u00e0 cette d\u00e9cision. I Watch a, par ailleurs, d\u00e9nonc\u00e9 l&#8217;absence de volont\u00e9 politique des autorit\u00e9s [&hellip;]","protected":false},"author":3,"featured_media":0,"comment_status":"closed","ping_status":"closed","sticky":false,"template":"","format":"standard","meta":{"_acf_changed":false,"_monsterinsights_skip_tracking":false,"_monsterinsights_sitenote_active":false,"_monsterinsights_sitenote_note":"","_monsterinsights_sitenote_category":0,"footnotes":""},"categories":[1],"tags":[],"class_list":["post-19214","post","type-post","status-publish","format-standard","hentry","category-uncategorized","region-seychelles","type-news-articles","item-year-631","item-theme-nationality-of-politicians","item-theme-naturalisation-and-marriage"],"acf":[],"_links":{"self":[{"href":"https:\/\/citizenshiprightsafrica.org\/en\/wp-json\/wp\/v2\/posts\/19214","targetHints":{"allow":["GET"]}}],"collection":[{"href":"https:\/\/citizenshiprightsafrica.org\/en\/wp-json\/wp\/v2\/posts"}],"about":[{"href":"https:\/\/citizenshiprightsafrica.org\/en\/wp-json\/wp\/v2\/types\/post"}],"author":[{"embeddable":true,"href":"https:\/\/citizenshiprightsafrica.org\/en\/wp-json\/wp\/v2\/users\/3"}],"replies":[{"embeddable":true,"href":"https:\/\/citizenshiprightsafrica.org\/en\/wp-json\/wp\/v2\/comments?post=19214"}],"version-history":[{"count":1,"href":"https:\/\/citizenshiprightsafrica.org\/en\/wp-json\/wp\/v2\/posts\/19214\/revisions"}],"predecessor-version":[{"id":19215,"href":"https:\/\/citizenshiprightsafrica.org\/en\/wp-json\/wp\/v2\/posts\/19214\/revisions\/19215"}],"wp:attachment":[{"href":"https:\/\/citizenshiprightsafrica.org\/en\/wp-json\/wp\/v2\/media?parent=19214"}],"wp:term":[{"taxonomy":"category","embeddable":true,"href":"https:\/\/citizenshiprightsafrica.org\/en\/wp-json\/wp\/v2\/categories?post=19214"},{"taxonomy":"post_tag","embeddable":true,"href":"https:\/\/citizenshiprightsafrica.org\/en\/wp-json\/wp\/v2\/tags?post=19214"}],"curies":[{"name":"wp","href":"https:\/\/api.w.org\/{rel}","templated":true}]}}