{"id":22159,"date":"2013-07-07T19:27:45","date_gmt":"2013-07-07T19:27:45","guid":{"rendered":"http:\/\/citizenshiprightsafrica.org\/?p=22159"},"modified":"2019-03-26T19:30:29","modified_gmt":"2019-03-26T19:30:29","slug":"algerie-abdelkader-bensalah-allez-a-fellaoucene-vous-trouverez-mes-origines","status":"publish","type":"post","link":"https:\/\/citizenshiprightsafrica.org\/en\/algerie-abdelkader-bensalah-allez-a-fellaoucene-vous-trouverez-mes-origines\/","title":{"rendered":"Alg\u00e9rie: Abdelkader Bensalah : \u201cAllez \u00e0 Fellaouc\u00e8ne, vous trouverez mes origines\u201d"},"content":{"rendered":"<p><strong>Pour son premier entretien de presse, Abdelkader Bensalah l\u00e8ve une partie du voile qui entourait ses origines familiales. Mais le pr\u00e9sident du Conseil de la nation ne d\u00e9roge pas \u00e0 la r\u00e8gle qui fait de lui l\u2019un des plus grands usagers de la langue du bois en Alg\u00e9rie.<\/strong><\/p>\n<p>On sait maintenant, gr\u00e2ce \u00e0 une interview-fleuve accord\u00e9e dimanche au quotidien <em>El-Khabar<\/em>, que Abdelakader Bensalah est n\u00e9 \u00e0 Tlemcen. \u00abSi vous voulez conna\u00eetre mes origines, partez au village El-Mahraz, \u00e0 Fellaouc\u00e8ne, da\u00efra de Nedroma, Tlemcen. Ouvrez les registres d\u2019Etat-civil de la commune et interrogez qui vous voulez\u00a0! C\u2019est la-b\u00e0s que je suis n\u00e9, en m\u00eame titres que les membres de ma famille\u00a0\u00bb, a-t-il dit. Natif de 1941, Abdelkader Bensalah n\u2019a en revanche rien dit de son pass\u00e9 \u00ab\u00a0r\u00e9volutionnaire\u00a0\u00bb. Il s\u2019est content\u00e9 de rappeler son parcours professionnel et politique. Un parcours \u00ab\u00a0qui est loin d\u2019\u00eatre fortuit\u00a0\u00bb, a-t-il dit.<\/p>\n<p>Le secr\u00e9taire g\u00e9n\u00e9ral par int\u00e9rim du RND a plut\u00f4t pr\u00e9f\u00e9r\u00e9 se poser des questions sur les arri\u00e8re-pens\u00e9es politiques de ceux qui se posent la question sur ses origines familiales. Certains ont m\u00eame avanc\u00e9 que Bensalah serait un ressortissant marocain et qu\u2019il a \u00e9t\u00e9 naturalis\u00e9 alg\u00e9rien en 1965. Chose que l\u2019int\u00e9ress\u00e9 d\u00e9ment vigoureusement.<\/p>\n<p>Lire la suite: <a href=\"https:\/\/www.algerie-focus.com\/2013\/07\/abdelkader-bensalah-allez-a-fellaoucene-vous-trouverez-mes-origines\/\" target=\"_blank\" rel=\"noopener noreferrer\">https:\/\/www.algerie-focus.com\/2013\/07\/abdelkader-bensalah-allez-a-fellaoucene-vous-trouverez-mes-origines\/<\/a><\/p>\n","protected":false},"excerpt":{"rendered":"Pour son premier entretien de presse, Abdelkader Bensalah l\u00e8ve une partie du voile qui entourait ses origines familiales. Mais le pr\u00e9sident du Conseil de la nation ne d\u00e9roge pas \u00e0 la r\u00e8gle qui fait de lui l\u2019un des plus grands usagers de la langue du bois en Alg\u00e9rie. On sait maintenant, gr\u00e2ce \u00e0 une interview-fleuve [&hellip;]","protected":false},"author":3,"featured_media":0,"comment_status":"closed","ping_status":"closed","sticky":false,"template":"","format":"standard","meta":{"_acf_changed":false,"_monsterinsights_skip_tracking":false,"_monsterinsights_sitenote_active":false,"_monsterinsights_sitenote_note":"","_monsterinsights_sitenote_category":0,"footnotes":""},"categories":[499,1],"tags":[],"class_list":["post-22159","post","type-post","status-publish","format-standard","hentry","category-non-classifiee","category-uncategorized","region-algeria","type-news-articles","item-year-660","item-theme-nationality-of-politicians"],"acf":[],"_links":{"self":[{"href":"https:\/\/citizenshiprightsafrica.org\/en\/wp-json\/wp\/v2\/posts\/22159","targetHints":{"allow":["GET"]}}],"collection":[{"href":"https:\/\/citizenshiprightsafrica.org\/en\/wp-json\/wp\/v2\/posts"}],"about":[{"href":"https:\/\/citizenshiprightsafrica.org\/en\/wp-json\/wp\/v2\/types\/post"}],"author":[{"embeddable":true,"href":"https:\/\/citizenshiprightsafrica.org\/en\/wp-json\/wp\/v2\/users\/3"}],"replies":[{"embeddable":true,"href":"https:\/\/citizenshiprightsafrica.org\/en\/wp-json\/wp\/v2\/comments?post=22159"}],"version-history":[{"count":1,"href":"https:\/\/citizenshiprightsafrica.org\/en\/wp-json\/wp\/v2\/posts\/22159\/revisions"}],"predecessor-version":[{"id":22160,"href":"https:\/\/citizenshiprightsafrica.org\/en\/wp-json\/wp\/v2\/posts\/22159\/revisions\/22160"}],"wp:attachment":[{"href":"https:\/\/citizenshiprightsafrica.org\/en\/wp-json\/wp\/v2\/media?parent=22159"}],"wp:term":[{"taxonomy":"category","embeddable":true,"href":"https:\/\/citizenshiprightsafrica.org\/en\/wp-json\/wp\/v2\/categories?post=22159"},{"taxonomy":"post_tag","embeddable":true,"href":"https:\/\/citizenshiprightsafrica.org\/en\/wp-json\/wp\/v2\/tags?post=22159"}],"curies":[{"name":"wp","href":"https:\/\/api.w.org\/{rel}","templated":true}]}}