{"id":26907,"date":"2010-05-27T12:52:33","date_gmt":"2010-05-27T12:52:33","guid":{"rendered":"http:\/\/citizenshiprightsafrica.org\/?p=26907"},"modified":"2020-04-27T12:55:35","modified_gmt":"2020-04-27T12:55:35","slug":"cameroun-bientot-la-double-nationalite","status":"publish","type":"post","link":"https:\/\/citizenshiprightsafrica.org\/en\/cameroun-bientot-la-double-nationalite\/","title":{"rendered":"Cameroun: Bient\u00f4t, la double nationalit\u00e9\u2026"},"content":{"rendered":"<p>Par Georges Dougueli<\/p>\n<p>Yaound\u00e9 l\u2019a assur\u00e9 : l\u2019article du code de nationalit\u00e9 du Cameroun emp\u00eachant l\u2019acquisition de la double nationalit\u00e9 a \u00e9t\u00e9 supprim\u00e9. Reste \u00e0 voter le nouveau texte.<\/p>\n<p>Paul Biya l\u2019avait promis \u00e0 la communaut\u00e9 camerounaise de France, lors de sa <a href=\"https:\/\/www.jeuneafrique.com\/187062\/politique\/l-conomie-au-menu-de-la-visite-de-paul-biya-en-france\/?economie-au-menu-de-la-visite-de-Paul-Biya-en-France-.html\">derni\u00e8re visite officielle \u00e0 Paris, en juillet 2009<\/a>\u2009: un comit\u00e9 technique interminist\u00e9riel a \u00e9t\u00e9 mis en place en vue de proc\u00e9der \u00e0 un toilettage du code de nationalit\u00e9. Membre d\u2019une d\u00e9l\u00e9gation gouvernementale en tourn\u00e9e mondiale dans le but de discuter avec la \u00ab diaspora \u00bb, Thomas Fozein Kwanke, chef de division des Camerounais de l\u2019\u00e9tranger au minist\u00e8re des Relations ext\u00e9rieures, a confi\u00e9, le 15 mai \u00e0 Paris, que l\u2019alin\u00e9a 1 de l\u2019article 31 du code (\u00ab Ne sont plus consid\u00e9r\u00e9s comme \u00e9tant nationaux tous les Camerounais majeurs ayant acquis et conservant volontairement une nationalit\u00e9 \u00e9trang\u00e8re \u00bb) avait \u00e9t\u00e9 supprim\u00e9. Ne reste plus qu\u2019\u00e0 d\u00e9poser le projet de loi \u00e0 l\u2019Assembl\u00e9 nationale, \u00e0 le voter, et \u00e0 promulguer les d\u00e9crets d\u2019application. Tout \u00e7a avant <a href=\"https:\/\/www.jeuneafrique.com\/157266\/politique\/le-camp-biya-d-j-en-campagne-lectorale\/\">la pr\u00e9sidentielle<\/a>, normalement pr\u00e9vue en 2011 ?<\/p>\n<p><em>PR\u00c9CISION 7 juin 2010<br \/>\n<\/em><\/p>\n<p>Nous avons publi\u00e9 cet article sur la double nationalit\u00e9 au Cameroun qui reprenait les propos de Thomas Fozein Kwanke, chef de division des Camerounais de l\u2019\u00e9tranger au minist\u00e8re des Relations ext\u00e9rieures, dans le n\u00b02576 de <em>Jeune Afrique<\/em>, paru le 23 mai. Thomas Fozein Kwanke s\u2019\u00e9tait exprim\u00e9 lors d\u2019une rencontre formelle avec des ressortissants camerounais le 15 mai \u00e0 l\u2019ambassade du Cameroun \u00e0 Paris. Il annon\u00e7ait la suppression prochaine de l\u2019alin\u00e9a 1 de l\u2019article 31 qui interdit la double nationalit\u00e9. Par la suite, le haut fonctionnaire a \u00e9t\u00e9 relev\u00e9 de ses fonctions. En cause, la derni\u00e8re phrase du texte qui indiquait qu\u2019il \u00ab ne reste plus qu\u2019\u00e0 d\u00e9poser le projet de loi \u00e0 l\u2019Assembl\u00e9e nationale \u00bb. Nous tenons \u00e0 pr\u00e9ciser que cette phrase n\u2019a pas \u00e9t\u00e9 prononc\u00e9e par M. Fozein Kwanke. Elle \u00e9tait la conclusion de notre journaliste. Il a estim\u00e9 en effet qu\u2019il \u00e9tait logique qu\u2019une modification de la loi se fasse \u00e0 l\u2019Assembl\u00e9e nationale.<\/p>\n<p>Lire la suite: https:\/\/www.jeuneafrique.com\/196840\/politique\/bient-t-la-double-nationalit\/<\/p>\n","protected":false},"excerpt":{"rendered":"Par Georges Dougueli Yaound\u00e9 l\u2019a assur\u00e9 : l\u2019article du code de nationalit\u00e9 du Cameroun emp\u00eachant l\u2019acquisition de la double nationalit\u00e9 a \u00e9t\u00e9 supprim\u00e9. Reste \u00e0 voter le nouveau texte. Paul Biya l\u2019avait promis \u00e0 la communaut\u00e9 camerounaise de France, lors de sa derni\u00e8re visite officielle \u00e0 Paris, en juillet 2009\u2009: un comit\u00e9 technique interminist\u00e9riel a [&hellip;]","protected":false},"author":3,"featured_media":0,"comment_status":"closed","ping_status":"closed","sticky":false,"template":"","format":"standard","meta":{"_acf_changed":false,"_monsterinsights_skip_tracking":false,"_monsterinsights_sitenote_active":false,"_monsterinsights_sitenote_note":"","_monsterinsights_sitenote_category":0,"footnotes":""},"categories":[1],"tags":[],"class_list":["post-26907","post","type-post","status-publish","format-standard","hentry","category-uncategorized","region-cameroon","type-news-articles","item-year-488","item-theme-dual-nationality"],"acf":[],"_links":{"self":[{"href":"https:\/\/citizenshiprightsafrica.org\/en\/wp-json\/wp\/v2\/posts\/26907","targetHints":{"allow":["GET"]}}],"collection":[{"href":"https:\/\/citizenshiprightsafrica.org\/en\/wp-json\/wp\/v2\/posts"}],"about":[{"href":"https:\/\/citizenshiprightsafrica.org\/en\/wp-json\/wp\/v2\/types\/post"}],"author":[{"embeddable":true,"href":"https:\/\/citizenshiprightsafrica.org\/en\/wp-json\/wp\/v2\/users\/3"}],"replies":[{"embeddable":true,"href":"https:\/\/citizenshiprightsafrica.org\/en\/wp-json\/wp\/v2\/comments?post=26907"}],"version-history":[{"count":1,"href":"https:\/\/citizenshiprightsafrica.org\/en\/wp-json\/wp\/v2\/posts\/26907\/revisions"}],"predecessor-version":[{"id":26910,"href":"https:\/\/citizenshiprightsafrica.org\/en\/wp-json\/wp\/v2\/posts\/26907\/revisions\/26910"}],"wp:attachment":[{"href":"https:\/\/citizenshiprightsafrica.org\/en\/wp-json\/wp\/v2\/media?parent=26907"}],"wp:term":[{"taxonomy":"category","embeddable":true,"href":"https:\/\/citizenshiprightsafrica.org\/en\/wp-json\/wp\/v2\/categories?post=26907"},{"taxonomy":"post_tag","embeddable":true,"href":"https:\/\/citizenshiprightsafrica.org\/en\/wp-json\/wp\/v2\/tags?post=26907"}],"curies":[{"name":"wp","href":"https:\/\/api.w.org\/{rel}","templated":true}]}}