{"id":31023,"date":"2021-01-21T16:27:33","date_gmt":"2021-01-21T16:27:33","guid":{"rendered":"http:\/\/citizenshiprightsafrica.org\/?p=31023"},"modified":"2021-01-29T16:33:02","modified_gmt":"2021-01-29T16:33:02","slug":"mali-communique-du-conseil-des-ministres-du-jeudi-21-janvier-2021","status":"publish","type":"post","link":"https:\/\/citizenshiprightsafrica.org\/en\/mali-communique-du-conseil-des-ministres-du-jeudi-21-janvier-2021\/","title":{"rendered":"Mali: Communiqu\u00e9 du Conseil des ministres du jeudi 21 janvier 2021"},"content":{"rendered":"<div class=\"post-content\">\n<div class=\"entry-content\">\n<p><strong>AU CHAPITRE DES MESURES LEGISLATIVES ET REGLEMENTAIRES<\/strong><\/p>\n<p><strong>AU TITRE DU MINISTERE DE LA JUSTICE ET DES DROITS DE L\u2019HOMME<\/strong><\/p>\n<\/div>\n<\/div>\n<p>Sur le rapport du ministre de la Justice et des Droits de l\u2019Homme, Garde des Sceaux, le Conseil des Ministres a adopt\u00e9 un projet de d\u00e9cret portant acquisition de la nationalit\u00e9 malienne par voie de naturalisation.<\/p>\n<p>Les conditions d\u2019acquisition de la nationalit\u00e9 malienne par voie de naturalisation sont fix\u00e9es par la Loi n\u00b02011-087 du 30 d\u00e9cembre 2011 portant Code des personnes et de la famille.<\/p>\n<p>Ces conditions sont entre autres :<\/p>\n<p>\u2013 r\u00e9sider habituellement au Mali depuis au moins dix (10) ans ou cinq (05) ans selon les cas ;- souscrire un acte solennel de soumission \u00e0 la R\u00e9publique du Mali ;<\/p>\n<p>\u2013 \u00eatre majeur ou mineur \u00e9mancip\u00e9 ;<\/p>\n<p>\u2013 \u00eatre de bonne vie et bonnes m\u0153urs ;<\/p>\n<p>\u2013 \u00eatre reconnu saint d\u2019esprit ;<\/p>\n<p>\u2013 justifier de son int\u00e9gration \u00e0 la communaut\u00e9 malienne ;<\/p>\n<p>\u2013 n\u2019avoir fait l\u2019objet d\u2019aucune condamnation sup\u00e9rieure \u00e0 une ann\u00e9e d\u2019emprisonnement non effac\u00e9e par la r\u00e9habilitation ou l\u2019amnistie.<\/p>\n<p>Les demandeurs concern\u00e9s remplissent tous, les conditions fix\u00e9es par le Code des personnes et de la famille.<\/p>\n<p>Le projet de d\u00e9cret adopt\u00e9 accorde ainsi la nationalit\u00e9 malienne par voie de naturalisation aux personnes ci-apr\u00e8s :<\/p>\n<p>\u2013 Madame NKAYA MAMPASSI G\u00e9nevi\u00e8ve OTOULI, de nationalit\u00e9 congolaise ;<\/p>\n<p>\u2013 Mademoiselle Regina Berline NKAYA, de nationalit\u00e9 congolaise ;<\/p>\n<p>\u2013\u00a0Mademoiselle BOUANGA Mata Donaldine NKAYA, de nationalit\u00e9 congolaise ;<\/p>\n<p>\u2013\u00a0Monsieur Kimbouala-Kuthia NKAYA, de nationalit\u00e9 congolaise ;<\/p>\n<p>\u2013 S\u0153ur Maria PIA GRACI, de nationalit\u00e9 italienne ;<\/p>\n<p>\u2013 S\u0153ur Emma BELTRAMO, de nationalit\u00e9 italienne ;<\/p>\n<p>\u2013 S\u0153ur Maria T\u00e9r\u00e9sa ROSSINI, de nationalit\u00e9 italienne ;<\/p>\n<p>\u2013 S\u0153ur Guiseppina AZZALIN, de nationalit\u00e9 italienne ;<\/p>\n<p>\u2013 S\u0153ur Luigia BOVINO, de nationalit\u00e9 italienne ;<\/p>\n<p>\u2013 Monsieur Pierre SAADE, de nationalit\u00e9 libanaise ;<\/p>\n<p>\u2013 Monsieur Mansour MROUE, de nationalit\u00e9 libanaise ;<\/p>\n<p>\u2013 Monsieur Wissam ALI, de nationalit\u00e9 libanaise ;<\/p>\n<p>\u2013 Monsieur Ismail ROUMIEH, de nationalit\u00e9 libanaise ;<\/p>\n<p>\u2013 Monsieur Ziad AZAR, de nationalit\u00e9 libanaise ;<\/p>\n<p>\u2013 Monsieur Abdul Hamid Al HOUNI, de nationalit\u00e9 libyenne ;<\/p>\n<p>\u2013 Monsieur Fazal HUSSAIN, de nationalit\u00e9 pakistanaise ;<\/p>\n<p>\u2013 Monsieur Mohamed BUHADBH, de nationalit\u00e9 syrienne ;<\/p>\n<p>\u2013 Monsieur Edem TOUDEKA, de nationalit\u00e9 togolaise ;<\/p>\n<p>\u2013 Monsieur D\u00e9baa BARANDAO, de nationalit\u00e9 togolaise ;<\/p>\n<p>\u2013 Monsieur Kanlouktibe DARI, de nationalit\u00e9 togolaise.<\/p>\n<p>Disponible ici: <a href=\"https:\/\/mali-web.org\/politique\/conseil-des-ministres\/communique-du-conseil-des-ministres-du-jeudi-21-janvier-2021\" target=\"_blank\" rel=\"noopener noreferrer\">https:\/\/mali-web.org\/politique\/conseil-des-ministres\/communique-du-conseil-des-ministres-du-jeudi-21-janvier-2021<\/a><\/p>\n","protected":false},"excerpt":{"rendered":"AU CHAPITRE DES MESURES LEGISLATIVES ET REGLEMENTAIRES AU TITRE DU MINISTERE DE LA JUSTICE ET DES DROITS DE L\u2019HOMME Sur le rapport du ministre de la Justice et des Droits de l\u2019Homme, Garde des Sceaux, le Conseil des Ministres a adopt\u00e9 un projet de d\u00e9cret portant acquisition de la nationalit\u00e9 malienne par voie de naturalisation. [&hellip;]","protected":false},"author":3,"featured_media":0,"comment_status":"closed","ping_status":"closed","sticky":false,"template":"","format":"standard","meta":{"_acf_changed":false,"_monsterinsights_skip_tracking":false,"_monsterinsights_sitenote_active":false,"_monsterinsights_sitenote_note":"","_monsterinsights_sitenote_category":0,"footnotes":""},"categories":[1],"tags":[],"class_list":["post-31023","post","type-post","status-publish","format-standard","hentry","category-uncategorized","region-mali","type-news-articles","item-year-676","item-theme-naturalisation-and-marriage"],"acf":[],"_links":{"self":[{"href":"https:\/\/citizenshiprightsafrica.org\/en\/wp-json\/wp\/v2\/posts\/31023","targetHints":{"allow":["GET"]}}],"collection":[{"href":"https:\/\/citizenshiprightsafrica.org\/en\/wp-json\/wp\/v2\/posts"}],"about":[{"href":"https:\/\/citizenshiprightsafrica.org\/en\/wp-json\/wp\/v2\/types\/post"}],"author":[{"embeddable":true,"href":"https:\/\/citizenshiprightsafrica.org\/en\/wp-json\/wp\/v2\/users\/3"}],"replies":[{"embeddable":true,"href":"https:\/\/citizenshiprightsafrica.org\/en\/wp-json\/wp\/v2\/comments?post=31023"}],"version-history":[{"count":2,"href":"https:\/\/citizenshiprightsafrica.org\/en\/wp-json\/wp\/v2\/posts\/31023\/revisions"}],"predecessor-version":[{"id":31026,"href":"https:\/\/citizenshiprightsafrica.org\/en\/wp-json\/wp\/v2\/posts\/31023\/revisions\/31026"}],"wp:attachment":[{"href":"https:\/\/citizenshiprightsafrica.org\/en\/wp-json\/wp\/v2\/media?parent=31023"}],"wp:term":[{"taxonomy":"category","embeddable":true,"href":"https:\/\/citizenshiprightsafrica.org\/en\/wp-json\/wp\/v2\/categories?post=31023"},{"taxonomy":"post_tag","embeddable":true,"href":"https:\/\/citizenshiprightsafrica.org\/en\/wp-json\/wp\/v2\/tags?post=31023"}],"curies":[{"name":"wp","href":"https:\/\/api.w.org\/{rel}","templated":true}]}}