{"id":31311,"date":"2021-03-03T13:52:50","date_gmt":"2021-03-03T13:52:50","guid":{"rendered":"http:\/\/citizenshiprightsafrica.org\/?p=31311"},"modified":"2021-03-04T14:56:00","modified_gmt":"2021-03-04T14:56:00","slug":"lalgerie-prepare-une-loi-sur-la-decheance-de-la-nationalite-a-lencontre-de-la-diaspora-algerienne","status":"publish","type":"post","link":"https:\/\/citizenshiprightsafrica.org\/en\/lalgerie-prepare-une-loi-sur-la-decheance-de-la-nationalite-a-lencontre-de-la-diaspora-algerienne\/","title":{"rendered":"L\u2019Alg\u00e9rie pr\u00e9pare une loi sur la d\u00e9ch\u00e9ance de la nationalit\u00e9 \u00e0 l\u2019encontre de la diaspora alg\u00e9rienne"},"content":{"rendered":"<p>En plus des terroristes, la d\u00e9ch\u00e9ance de nationalit\u00e9 pourrait s\u2019appliquer aux personnes \u00ab qui portent de graves pr\u00e9judices aux int\u00e9r\u00eats de l\u2019Etat ou qui portent atteinte \u00e0 l\u2019unit\u00e9 nationale \u00bb.<\/p>\n<div class=\"article-section margin_bottom_article\">\n<section class=\"content\">\n<p class=\"paragraph text_align_left\" data-original-fontsize=\"19px\" data-original-lineheight=\"30px\">Un projet de loi qui pourrait inqui\u00e9ter la diaspora alg\u00e9rienne, notamment en France. Le gouvernement d\u2019Alger envisage de d\u00e9choir de la nationalit\u00e9 alg\u00e9rienne tout ressortissant commettant \u00e0 l\u2019\u00e9tranger \u00ab des actes pr\u00e9judiciables aux int\u00e9r\u00eats de l\u2019Etat \u00bb, selon un avant-projet de loi pr\u00e9sent\u00e9 mercredi par le ministre de la Justice, rapporte l\u2019agence officielle APS.<\/p>\n<\/section>\n<section class=\"content\">\n<p class=\"paragraph text_align_left\" data-original-fontsize=\"19px\" data-original-lineheight=\"30px\">Le ministre Belkacem Zeghmati a pr\u00e9sent\u00e9 un amendement du Code de la nationalit\u00e9 alg\u00e9rienne mercredi devant les membres du gouvernement r\u00e9unis sous la pr\u00e9sidence du Premier ministre Abdelaziz Djerad. Sa proposition pr\u00e9voit plusieurs cas de figure susceptibles de conduire \u00e0 la d\u00e9ch\u00e9ance de la nationalit\u00e9 alg\u00e9rienne \u00ab acquise ou d\u2019origine \u00bb, selon un communiqu\u00e9 du bureau du Premier ministre cit\u00e9 par l\u2019APS.<\/p>\n<\/section>\n<section class=\"content\">\n<p class=\"paragraph text_align_left\" data-original-fontsize=\"19px\" data-original-lineheight=\"30px\">Ainsi se verrait d\u00e9chue toute personne de nationalit\u00e9 alg\u00e9rienne \u00ab qui commet, en dehors du territoire national, des actes portant volontairement de graves pr\u00e9judices aux int\u00e9r\u00eats de l\u2019Etat ou qui portent atteinte \u00e0 l\u2019unit\u00e9 nationale \u00bb.<\/p>\n<p data-original-fontsize=\"19px\" data-original-lineheight=\"30px\">Lire la suite: <a href=\"https:\/\/www.leparisien.fr\/international\/lalgerie-prepare-une-loi-sur-la-decheance-de-la-nationalite-a-lencontre-de-la-diaspora-algerienne-03-03-2021-GGJAQPPVGZAGJMKWHWFQ722DR4.php\" target=\"_blank\" rel=\"noopener noreferrer\">https:\/\/www.leparisien.fr\/international\/lalgerie-prepare-une-loi-sur-la-decheance-de-la-nationalite-a-lencontre-de-la-diaspora-algerienne-03-03-2021-GGJAQPPVGZAGJMKWHWFQ722DR4.php<\/a><\/p>\n<\/section>\n<\/div>\n","protected":false},"excerpt":{"rendered":"En plus des terroristes, la d\u00e9ch\u00e9ance de nationalit\u00e9 pourrait s\u2019appliquer aux personnes \u00ab qui portent de graves pr\u00e9judices aux int\u00e9r\u00eats de l\u2019Etat ou qui portent atteinte \u00e0 l\u2019unit\u00e9 nationale \u00bb. Un projet de loi qui pourrait inqui\u00e9ter la diaspora alg\u00e9rienne, notamment en France. Le gouvernement d\u2019Alger envisage de d\u00e9choir de la nationalit\u00e9 alg\u00e9rienne tout ressortissant [&hellip;]","protected":false},"author":3,"featured_media":0,"comment_status":"closed","ping_status":"closed","sticky":false,"template":"","format":"standard","meta":{"_acf_changed":false,"_monsterinsights_skip_tracking":false,"_monsterinsights_sitenote_active":false,"_monsterinsights_sitenote_note":"","_monsterinsights_sitenote_category":0,"footnotes":""},"categories":[1],"tags":[],"class_list":["post-31311","post","type-post","status-publish","format-standard","hentry","category-uncategorized","region-algeria","type-news-articles","item-year-676","item-theme-loss-and-deprivation-of-nationality"],"acf":[],"_links":{"self":[{"href":"https:\/\/citizenshiprightsafrica.org\/en\/wp-json\/wp\/v2\/posts\/31311","targetHints":{"allow":["GET"]}}],"collection":[{"href":"https:\/\/citizenshiprightsafrica.org\/en\/wp-json\/wp\/v2\/posts"}],"about":[{"href":"https:\/\/citizenshiprightsafrica.org\/en\/wp-json\/wp\/v2\/types\/post"}],"author":[{"embeddable":true,"href":"https:\/\/citizenshiprightsafrica.org\/en\/wp-json\/wp\/v2\/users\/3"}],"replies":[{"embeddable":true,"href":"https:\/\/citizenshiprightsafrica.org\/en\/wp-json\/wp\/v2\/comments?post=31311"}],"version-history":[{"count":4,"href":"https:\/\/citizenshiprightsafrica.org\/en\/wp-json\/wp\/v2\/posts\/31311\/revisions"}],"predecessor-version":[{"id":31322,"href":"https:\/\/citizenshiprightsafrica.org\/en\/wp-json\/wp\/v2\/posts\/31311\/revisions\/31322"}],"wp:attachment":[{"href":"https:\/\/citizenshiprightsafrica.org\/en\/wp-json\/wp\/v2\/media?parent=31311"}],"wp:term":[{"taxonomy":"category","embeddable":true,"href":"https:\/\/citizenshiprightsafrica.org\/en\/wp-json\/wp\/v2\/categories?post=31311"},{"taxonomy":"post_tag","embeddable":true,"href":"https:\/\/citizenshiprightsafrica.org\/en\/wp-json\/wp\/v2\/tags?post=31311"}],"curies":[{"name":"wp","href":"https:\/\/api.w.org\/{rel}","templated":true}]}}