{"id":31316,"date":"2021-03-03T13:55:41","date_gmt":"2021-03-03T13:55:41","guid":{"rendered":"http:\/\/citizenshiprightsafrica.org\/?p=31316"},"modified":"2021-03-04T13:57:29","modified_gmt":"2021-03-04T13:57:29","slug":"algerie-reunion-du-gouvernement-examen-dun-avant-projet-de-loi-et-de-quatre-projets-de-decrets-executifs","status":"publish","type":"post","link":"https:\/\/citizenshiprightsafrica.org\/en\/algerie-reunion-du-gouvernement-examen-dun-avant-projet-de-loi-et-de-quatre-projets-de-decrets-executifs\/","title":{"rendered":"Alg\u00e9rie: R\u00e9union du gouvernement: examen d&#8217;un avant-projet de loi et de quatre projets de d\u00e9crets ex\u00e9cutifs"},"content":{"rendered":"<div class=\"itemIntroText col-xs-hidden selectionShareable\">\n<p><strong>ALGER &#8211; Le Premier ministre, Abdelaziz Djerad, a pr\u00e9sid\u00e9, mercredi \u00e0 Alger, une r\u00e9union du gouvernement, ayant port\u00e9 sur l&#8217;examen d&#8217;un avant-projet de loi ainsi que quatre projets de d\u00e9crets ex\u00e9cutifs, indique un communiqu\u00e9 des services du Premier ministre, dont voici le texte int\u00e9gral:<\/strong><\/p>\n<\/div>\n<div class=\"itemFullText selectionShareable\">\n<p>&#8220;Le Premier ministre, Monsieur Abdelaziz Djerad, a pr\u00e9sid\u00e9, ce mercredi 03 mars 2021, une r\u00e9union du gouvernement qui s&#8217;est d\u00e9roul\u00e9e au Palais du Gouvernement.<\/p>\n<p>Conform\u00e9ment \u00e0 l&#8217;ordre du jour, les membres du gouvernement ont examin\u00e9 un (1) avant-projet de loi ainsi que quatre (4) projets de d\u00e9crets ex\u00e9cutifs pr\u00e9sent\u00e9s par les ministres en charge de la Justice, de l&#8217;Enseignement Sup\u00e9rieur, de la Culture, de l&#8217;Agriculture ainsi que de la Sant\u00e9.<\/p>\n<p>En outre, une (1) communication a \u00e9t\u00e9 pr\u00e9sent\u00e9e par le ministre de la Poste et des T\u00e9l\u00e9communications.<\/p>\n<p>1- Le Gouvernement a entendu une communication pr\u00e9sent\u00e9e par le ministre de la Justice, Garde des Sceaux relative \u00e0 l&#8217;avant-projet de loi modifiant et compl\u00e9tant l&#8217;ordonnance n 70-86 du 15\/12\/1970 portant code de la nationalit\u00e9 alg\u00e9rienne.<\/p>\n<p><em><strong>Ce texte pr\u00e9voit la mise en place d&#8217;une proc\u00e9dure de d\u00e9ch\u00e9ance de la nationalit\u00e9 alg\u00e9rienne acquise ou d&#8217;origine qui sera applicable \u00e0 tout alg\u00e9rien qui commet, en dehors du territoire national, des actes portant volontairement de graves pr\u00e9judices aux int\u00e9r\u00eats de l&#8217;Etat ou qui portent atteinte \u00e0 l&#8217;unit\u00e9 nationale.<\/strong><\/em><\/p>\n<p>La mesure s&#8217;appliquerait aussi \u00e0 celui qui active ou adh\u00e8re \u00e0 une organisation terroriste ainsi que celui qui la finance ou qui en fait l&#8217;apologie. Ce dispositif concerne \u00e9galement toute personne qui collabore avec un Etat ennemi.<\/p>\n<p>En outre, les dispositions pr\u00e9vues demeurent conformes aux conventions internationales en la mati\u00e8re et garantissent le droit au recours.<\/p>\n<p>Lire la suite: <a href=\"https:\/\/www.aps.dz\/algerie\/118540-reunion-du-gouvernement-examen-d-un-avant-projet-de-loi-et-de-quatre-projets-de-decrets-executifs\" target=\"_blank\" rel=\"noopener noreferrer\">https:\/\/www.aps.dz\/algerie\/118540-reunion-du-gouvernement-examen-d-un-avant-projet-de-loi-et-de-quatre-projets-de-decrets-executifs<\/a><\/p>\n<\/div>\n","protected":false},"excerpt":{"rendered":"ALGER &#8211; Le Premier ministre, Abdelaziz Djerad, a pr\u00e9sid\u00e9, mercredi \u00e0 Alger, une r\u00e9union du gouvernement, ayant port\u00e9 sur l&#8217;examen d&#8217;un avant-projet de loi ainsi que quatre projets de d\u00e9crets ex\u00e9cutifs, indique un communiqu\u00e9 des services du Premier ministre, dont voici le texte int\u00e9gral: &#8220;Le Premier ministre, Monsieur Abdelaziz Djerad, a pr\u00e9sid\u00e9, ce mercredi 03 [&hellip;]","protected":false},"author":3,"featured_media":0,"comment_status":"closed","ping_status":"closed","sticky":false,"template":"","format":"standard","meta":{"_acf_changed":false,"_monsterinsights_skip_tracking":false,"_monsterinsights_sitenote_active":false,"_monsterinsights_sitenote_note":"","_monsterinsights_sitenote_category":0,"footnotes":""},"categories":[1],"tags":[],"class_list":["post-31316","post","type-post","status-publish","format-standard","hentry","category-uncategorized","region-algeria","type-news-articles","item-year-676","item-theme-loss-and-deprivation-of-nationality"],"acf":[],"_links":{"self":[{"href":"https:\/\/citizenshiprightsafrica.org\/en\/wp-json\/wp\/v2\/posts\/31316","targetHints":{"allow":["GET"]}}],"collection":[{"href":"https:\/\/citizenshiprightsafrica.org\/en\/wp-json\/wp\/v2\/posts"}],"about":[{"href":"https:\/\/citizenshiprightsafrica.org\/en\/wp-json\/wp\/v2\/types\/post"}],"author":[{"embeddable":true,"href":"https:\/\/citizenshiprightsafrica.org\/en\/wp-json\/wp\/v2\/users\/3"}],"replies":[{"embeddable":true,"href":"https:\/\/citizenshiprightsafrica.org\/en\/wp-json\/wp\/v2\/comments?post=31316"}],"version-history":[{"count":1,"href":"https:\/\/citizenshiprightsafrica.org\/en\/wp-json\/wp\/v2\/posts\/31316\/revisions"}],"predecessor-version":[{"id":31317,"href":"https:\/\/citizenshiprightsafrica.org\/en\/wp-json\/wp\/v2\/posts\/31316\/revisions\/31317"}],"wp:attachment":[{"href":"https:\/\/citizenshiprightsafrica.org\/en\/wp-json\/wp\/v2\/media?parent=31316"}],"wp:term":[{"taxonomy":"category","embeddable":true,"href":"https:\/\/citizenshiprightsafrica.org\/en\/wp-json\/wp\/v2\/categories?post=31316"},{"taxonomy":"post_tag","embeddable":true,"href":"https:\/\/citizenshiprightsafrica.org\/en\/wp-json\/wp\/v2\/tags?post=31316"}],"curies":[{"name":"wp","href":"https:\/\/api.w.org\/{rel}","templated":true}]}}