{"id":38162,"date":"2023-04-06T18:00:04","date_gmt":"2023-04-06T18:00:04","guid":{"rendered":"http:\/\/citizenshiprightsafrica.org\/?p=38162"},"modified":"2023-06-22T08:24:55","modified_gmt":"2023-06-22T08:24:55","slug":"rdc-la-proposition-de-loi-sur-la-congolite-divise","status":"publish","type":"post","link":"https:\/\/citizenshiprightsafrica.org\/en\/rdc-la-proposition-de-loi-sur-la-congolite-divise\/","title":{"rendered":"RDC: la proposition de loi sur la &#8220;congolit\u00e9&#8221; divise"},"content":{"rendered":"<p>En RDC, la loi dite &#8220;loi Tshiani&#8221; vise \u00e0 r\u00e9server les plus hautes fonctions de l&#8217;\u00c9tat, dont la pr\u00e9sidence de la R\u00e9publique, aux seuls Congolais n\u00e9s de p\u00e8re et de m\u00e8re congolais. D\u00e9bat.<\/p>\n<p>D\u00e9pos\u00e9 \u00e0 l&#8217;Assembl\u00e9e nationale en juillet 2021, ce texte porte\u00a0le nom de son initiateur, No\u00ebl Tshiani, candidat malheureux \u00e0 la pr\u00e9sidentielle de 2018. La proposition de loi est jug\u00e9e\u00a0&#8220;dangereuse&#8221;\u00a0par ses d\u00e9tracteurs. Le texte avait \u00e9t\u00e9 rapidement \u00e9cart\u00e9, avant de revenir dans le d\u00e9bat public apr\u00e8s l&#8217;annonce, en mars dernier, de son inscription dans le programme de la session parlementaire en cours.<\/p>\n<p>S&#8217;estimant directement vis\u00e9s par cette proposition de loi, des membres de l&#8217;Association des m\u00e9tis au Congo (Asmeco) ont manifest\u00e9 devant le si\u00e8ge du Parlement et d\u00e9pos\u00e9 le 31 mars un m\u00e9morandum, dans lequel ils expriment leur opposition \u00e0 cette &#8220;loi discriminatoire&#8221;.<\/p>\n<p>Chez nos confr\u00e8res de Jeune Afrique, le Secr\u00e9taire g\u00e9n\u00e9ral de la Conf\u00e9rence \u00e9piscopale nationale du Congo (Cenco), Mgr Donatien Nshole a d\u00e9clar\u00e9 que &#8220;la loi Tshiani est une bombe&#8221;.<\/p>\n<p>Si cette loi \u00e9tait adopt\u00e9e, l&#8217;homme d&#8217;affaires Mo\u00efse Katumbi par exemple, candidat d\u00e9clar\u00e9 \u00e0 la pr\u00e9sidentielle pr\u00e9vue en d\u00e9cembre, serait exclu de la course, puisque son p\u00e8re \u00e9tait italien.<\/p>\n<p>Lire la suite: <a href=\"https:\/\/www.dw.com\/fr\/rdc-la-proposition-de-loi-sur-la-congolit%C3%A9-divise\/audio-65245635\">https:\/\/www.dw.com\/fr\/rdc-la-proposition-de-loi-sur-la-congolit%C3%A9-divise\/audio-65245635<\/a><\/p>\n","protected":false},"excerpt":{"rendered":"En RDC, la loi dite &#8220;loi Tshiani&#8221; vise \u00e0 r\u00e9server les plus hautes fonctions de l&#8217;\u00c9tat, dont la pr\u00e9sidence de la R\u00e9publique, aux seuls Congolais n\u00e9s de p\u00e8re et de m\u00e8re congolais. D\u00e9bat. D\u00e9pos\u00e9 \u00e0 l&#8217;Assembl\u00e9e nationale en juillet 2021, ce texte porte\u00a0le nom de son initiateur, No\u00ebl Tshiani, candidat malheureux \u00e0 la pr\u00e9sidentielle de [&hellip;]","protected":false},"author":3,"featured_media":0,"comment_status":"closed","ping_status":"closed","sticky":false,"template":"","format":"standard","meta":{"_acf_changed":false,"_monsterinsights_skip_tracking":false,"_monsterinsights_sitenote_active":false,"_monsterinsights_sitenote_note":"","_monsterinsights_sitenote_category":0,"footnotes":""},"categories":[1],"tags":[],"class_list":["post-38162","post","type-post","status-publish","format-standard","hentry","category-uncategorized","region-democratic-republic-of-congo","type-news-articles","item-year-691","item-theme-discrimination","item-theme-dual-nationality","item-theme-ethnic-racial-religious","item-theme-nationality-of-politicians"],"acf":[],"_links":{"self":[{"href":"https:\/\/citizenshiprightsafrica.org\/en\/wp-json\/wp\/v2\/posts\/38162","targetHints":{"allow":["GET"]}}],"collection":[{"href":"https:\/\/citizenshiprightsafrica.org\/en\/wp-json\/wp\/v2\/posts"}],"about":[{"href":"https:\/\/citizenshiprightsafrica.org\/en\/wp-json\/wp\/v2\/types\/post"}],"author":[{"embeddable":true,"href":"https:\/\/citizenshiprightsafrica.org\/en\/wp-json\/wp\/v2\/users\/3"}],"replies":[{"embeddable":true,"href":"https:\/\/citizenshiprightsafrica.org\/en\/wp-json\/wp\/v2\/comments?post=38162"}],"version-history":[{"count":2,"href":"https:\/\/citizenshiprightsafrica.org\/en\/wp-json\/wp\/v2\/posts\/38162\/revisions"}],"predecessor-version":[{"id":38821,"href":"https:\/\/citizenshiprightsafrica.org\/en\/wp-json\/wp\/v2\/posts\/38162\/revisions\/38821"}],"wp:attachment":[{"href":"https:\/\/citizenshiprightsafrica.org\/en\/wp-json\/wp\/v2\/media?parent=38162"}],"wp:term":[{"taxonomy":"category","embeddable":true,"href":"https:\/\/citizenshiprightsafrica.org\/en\/wp-json\/wp\/v2\/categories?post=38162"},{"taxonomy":"post_tag","embeddable":true,"href":"https:\/\/citizenshiprightsafrica.org\/en\/wp-json\/wp\/v2\/tags?post=38162"}],"curies":[{"name":"wp","href":"https:\/\/api.w.org\/{rel}","templated":true}]}}