{"id":38320,"date":"2023-05-06T09:33:36","date_gmt":"2023-05-06T09:33:36","guid":{"rendered":"http:\/\/citizenshiprightsafrica.org\/senegal-etat-civil-le-ministre-mamadou-talla-lance-la-campagne-nationale-dinformations-et-de-sensibilisation-a-diourbel\/"},"modified":"2023-05-06T09:33:36","modified_gmt":"2023-05-06T09:33:36","slug":"senegal-etat-civil-le-ministre-mamadou-talla-lance-la-campagne-nationale-dinformations-et-de-sensibilisation-a-diourbel","status":"publish","type":"post","link":"https:\/\/citizenshiprightsafrica.org\/en\/senegal-etat-civil-le-ministre-mamadou-talla-lance-la-campagne-nationale-dinformations-et-de-sensibilisation-a-diourbel\/","title":{"rendered":"S\u00e9n\u00e9gal: \u00c9tat-civil, le ministre Mamadou Talla lance la campagne nationale d\u2019informations et de sensibilisation, \u00e0 Diourbel"},"content":{"rendered":"<div><span style=\"font-size: x-large\">Le Ministre des Collectivit\u00e9s territoriales, de l\u2019Am\u00e9nagement et du D\u00e9veloppement des Territoires a proc\u00e9d\u00e9 au lancement de la Campagne nationale d\u2019information et de sensibilisation sur l\u2019\u00e9tat civil, autour du slogan, \u00ab Mon \u00e9tat civil, ma citoyennet\u00e9 \u00bb. L\u2019\u00e9v\u00e9nement s\u2019est d\u00e9roul\u00e9, samedi 6 mai 2023, \u00e0 Diourbel, en pr\u00e9sence de l\u2019Ambassadeur de l\u2019Union europ\u00e9enne au S\u00e9n\u00e9gal. Le Ministre Mamadou Talla en a profit\u00e9 pour inaugurer le Centre d\u2019\u00e9tat civil de la Commune de Diourbel.\u00a0 Pour accentuer\u00a0 l\u2019information et \u00e0 la sensibilisation, 20 motos ont \u00e9t\u00e9 remises au maire de Diourbel\u00a0 pour faciliter les collectes des cahiers de village et de quartier, aupr\u00e8s des auxiliaires d\u2019 \u00e9tat civil.<\/span><\/div>\n<div><a href=\"https:\/\/www.seneweb.com\/news\/Societe\/etat-civil-le-ministre-mamadou-talla-lan_n_409081.html\">Lire la suite<\/a><\/div>\n","protected":false},"excerpt":{"rendered":"Le Ministre des Collectivit\u00e9s territoriales, de l\u2019Am\u00e9nagement et du D\u00e9veloppement des Territoires a proc\u00e9d\u00e9 au lancement de la Campagne nationale d\u2019information et de sensibilisation sur l\u2019\u00e9tat civil, autour du slogan, \u00ab Mon \u00e9tat civil, ma citoyennet\u00e9 \u00bb. L\u2019\u00e9v\u00e9nement s\u2019est d\u00e9roul\u00e9, samedi 6 mai 2023, \u00e0 Diourbel, en pr\u00e9sence de l\u2019Ambassadeur de l\u2019Union europ\u00e9enne au S\u00e9n\u00e9gal. [&hellip;]","protected":false},"author":4,"featured_media":0,"comment_status":"closed","ping_status":"closed","sticky":false,"template":"","format":"standard","meta":{"_acf_changed":false,"_monsterinsights_skip_tracking":false,"_monsterinsights_sitenote_active":false,"_monsterinsights_sitenote_note":"","_monsterinsights_sitenote_category":0,"footnotes":""},"categories":[499,1],"tags":[],"class_list":["post-38320","post","type-post","status-publish","format-standard","hentry","category-non-classifiee","category-uncategorized","region-afrique-de-l-ouest","region-senegal-fr","type-articles-de-presse","item-year-691","item-theme-enregistrement-des-naissances","item-theme-documents-d-identite"],"acf":[],"_links":{"self":[{"href":"https:\/\/citizenshiprightsafrica.org\/en\/wp-json\/wp\/v2\/posts\/38320","targetHints":{"allow":["GET"]}}],"collection":[{"href":"https:\/\/citizenshiprightsafrica.org\/en\/wp-json\/wp\/v2\/posts"}],"about":[{"href":"https:\/\/citizenshiprightsafrica.org\/en\/wp-json\/wp\/v2\/types\/post"}],"author":[{"embeddable":true,"href":"https:\/\/citizenshiprightsafrica.org\/en\/wp-json\/wp\/v2\/users\/4"}],"replies":[{"embeddable":true,"href":"https:\/\/citizenshiprightsafrica.org\/en\/wp-json\/wp\/v2\/comments?post=38320"}],"version-history":[{"count":0,"href":"https:\/\/citizenshiprightsafrica.org\/en\/wp-json\/wp\/v2\/posts\/38320\/revisions"}],"wp:attachment":[{"href":"https:\/\/citizenshiprightsafrica.org\/en\/wp-json\/wp\/v2\/media?parent=38320"}],"wp:term":[{"taxonomy":"category","embeddable":true,"href":"https:\/\/citizenshiprightsafrica.org\/en\/wp-json\/wp\/v2\/categories?post=38320"},{"taxonomy":"post_tag","embeddable":true,"href":"https:\/\/citizenshiprightsafrica.org\/en\/wp-json\/wp\/v2\/tags?post=38320"}],"curies":[{"name":"wp","href":"https:\/\/api.w.org\/{rel}","templated":true}]}}