{"id":42151,"date":"2025-02-17T12:45:20","date_gmt":"2025-02-17T12:45:20","guid":{"rendered":"https:\/\/citizenshiprightsafrica.org\/communique-de-presse-a-loccasion-du-premier-anniversaire-de-ladoption-du-protocole-a-la-charte-africaine-des-droits-de-lhomme-et-des-peuples-relatif-aux-aspects-specifiques\/"},"modified":"2025-02-17T12:45:20","modified_gmt":"2025-02-17T12:45:20","slug":"communique-de-presse-a-loccasion-du-premier-anniversaire-de-ladoption-du-protocole-a-la-charte-africaine-des-droits-de-lhomme-et-des-peuples-relatif-aux-aspects-specifiques","status":"publish","type":"post","link":"https:\/\/citizenshiprightsafrica.org\/en\/communique-de-presse-a-loccasion-du-premier-anniversaire-de-ladoption-du-protocole-a-la-charte-africaine-des-droits-de-lhomme-et-des-peuples-relatif-aux-aspects-specifiques\/","title":{"rendered":"Communiqu\u00e9 de presse \u00e0 l\u2019occasion du premier anniversaire de l\u2019adoption du Protocole \u00e0 la Charte africaine des droits de l\u2019homme et des peuples relatif aux aspects sp\u00e9cifiques du droit \u00e0 une nationalit\u00e9 et l\u2019\u00e9radication de l\u2019apatridie en Afrique"},"content":{"rendered":"<p>Le 18 f\u00e9vrier 2024 marquait un jour historique pour le continent africain avec l\u2019adoption lors de la 37\u00e8me session ordinaire de la Conf\u00e9rence des Chefs d&#8217;Etat et de Gouvernement de l&#8217;Union Africaine du Protocole \u00e0 la Charte africaine des droits de l\u2019homme et des peuples relatif aux aspects sp\u00e9cifiques du droit \u00e0 une nationalit\u00e9 et l\u2019\u00e9radication de l\u2019apatridie en Afrique (le Protocole), offrant \u00e0 des millions de personnes -probablement- l\u2019espoir d\u2019exister enfin et de ne plus \u00eatre invisibles aux yeux des lois et des gouvernements.<\/p>\n<p><a href=\"https:\/\/achpr.au.int\/fr\/news\/communique-de-presse\/2025-02-17\/protocole-la-charte-africaine\">Lire la suite<\/a><\/p>\n","protected":false},"excerpt":{"rendered":"Le 18 f\u00e9vrier 2024 marquait un jour historique pour le continent africain avec l\u2019adoption lors de la 37\u00e8me session ordinaire de la Conf\u00e9rence des Chefs d&#8217;Etat et de Gouvernement de l&#8217;Union Africaine du Protocole \u00e0 la Charte africaine des droits de l\u2019homme et des peuples relatif aux aspects sp\u00e9cifiques du droit \u00e0 une nationalit\u00e9 et [&hellip;]","protected":false},"author":4,"featured_media":0,"comment_status":"closed","ping_status":"closed","sticky":false,"template":"","format":"standard","meta":{"_acf_changed":false,"_monsterinsights_skip_tracking":false,"_monsterinsights_sitenote_active":false,"_monsterinsights_sitenote_note":"","_monsterinsights_sitenote_category":0,"footnotes":""},"categories":[499,1],"tags":[],"class_list":["post-42151","post","type-post","status-publish","format-standard","hentry","category-non-classifiee","category-uncategorized","region-pan-afrique","type-traites-et-autres-normes","type-union-africaine","item-year-698","item-theme-acquisition-de-la-nationalite","item-theme-apatridie"],"acf":[],"_links":{"self":[{"href":"https:\/\/citizenshiprightsafrica.org\/en\/wp-json\/wp\/v2\/posts\/42151","targetHints":{"allow":["GET"]}}],"collection":[{"href":"https:\/\/citizenshiprightsafrica.org\/en\/wp-json\/wp\/v2\/posts"}],"about":[{"href":"https:\/\/citizenshiprightsafrica.org\/en\/wp-json\/wp\/v2\/types\/post"}],"author":[{"embeddable":true,"href":"https:\/\/citizenshiprightsafrica.org\/en\/wp-json\/wp\/v2\/users\/4"}],"replies":[{"embeddable":true,"href":"https:\/\/citizenshiprightsafrica.org\/en\/wp-json\/wp\/v2\/comments?post=42151"}],"version-history":[{"count":0,"href":"https:\/\/citizenshiprightsafrica.org\/en\/wp-json\/wp\/v2\/posts\/42151\/revisions"}],"wp:attachment":[{"href":"https:\/\/citizenshiprightsafrica.org\/en\/wp-json\/wp\/v2\/media?parent=42151"}],"wp:term":[{"taxonomy":"category","embeddable":true,"href":"https:\/\/citizenshiprightsafrica.org\/en\/wp-json\/wp\/v2\/categories?post=42151"},{"taxonomy":"post_tag","embeddable":true,"href":"https:\/\/citizenshiprightsafrica.org\/en\/wp-json\/wp\/v2\/tags?post=42151"}],"curies":[{"name":"wp","href":"https:\/\/api.w.org\/{rel}","templated":true}]}}