{"id":13525,"date":"2017-07-09T10:20:48","date_gmt":"2017-07-09T10:20:48","guid":{"rendered":"http:\/\/citizenshiprightsafrica.org\/?p=13525"},"modified":"2017-07-10T10:25:35","modified_gmt":"2017-07-10T10:25:35","slug":"cameroun-debat-pourquoi-la-double-nationalite-fait-peur-au-regime","status":"publish","type":"post","link":"https:\/\/citizenshiprightsafrica.org\/fr\/cameroun-debat-pourquoi-la-double-nationalite-fait-peur-au-regime\/","title":{"rendered":"Cameroun &#8211; D\u00e9bat: Pourquoi la double nationalit\u00e9 fait peur au r\u00e9gime ?"},"content":{"rendered":"<p>Du 28 juin au 30 juin 2017 l\u2019Etat du Cameroun a convi\u00e9 les camerounais de l\u2019\u00e9tranger au Forum de la diaspora baptis\u00e9 \u00ab<em>Fodias 2017<\/em>\u00bb. Durant ces assises qui ont eu lieu \u00e0 Yaound\u00e9 dans la R\u00e9gion du Centre, le Quotidien Emergence note que le sujet sur la double nationalit\u00e9 a \u00e9t\u00e9 \u00abexpress\u00e9ment\u00bb \u00e9vit\u00e9 par les organisateurs du\u00a0<a href=\"mailto:http:\/\/www.cameroon-info.net\/article\/cameroun-presidentielle-2018-paul-biya-courtise-la-diaspora-292440.html\">Fodias<\/a>\u00a02017. Toutefois approch\u00e9s par la presse locale d\u00e9sireuse d\u2019avoir leur point de vue sur le sujet \u00e9vit\u00e9, des camerounais de la diaspora \u00e0 l\u2019instar du\u00a0<a href=\"http:\/\/www.cameroon-info.net\/article\/cameroun-dr-ernest-simo-chercheur-a-la-nasa-il-faut-accepter-la-double-nationalite-292881.html\">Dr Ernest Simo<\/a>\u00a0chercheur \u00e0 la Nasa ont laiss\u00e9 entendre que la double nationalit\u00e9 profite au pays d\u2019origine.<\/p>\n<p><a href=\"http:\/\/www.cameroon-info.net\/article\/cameroun-debat-pourquoi-la-double-nationalite-fait-peur-au-regime-293880.html\">Lire la suite<\/a><\/p>\n","protected":false},"excerpt":{"rendered":"Du 28 juin au 30 juin 2017 l\u2019Etat du Cameroun a convi\u00e9 les camerounais de l\u2019\u00e9tranger au Forum de la diaspora baptis\u00e9 \u00abFodias 2017\u00bb. Durant ces assises qui ont eu lieu \u00e0 Yaound\u00e9 dans la R\u00e9gion du Centre, le Quotidien Emergence note que le sujet sur la double nationalit\u00e9 a \u00e9t\u00e9 \u00abexpress\u00e9ment\u00bb \u00e9vit\u00e9 par les [&hellip;]","protected":false},"author":4,"featured_media":0,"comment_status":"closed","ping_status":"closed","sticky":false,"template":"","format":"standard","meta":{"_acf_changed":false,"_monsterinsights_skip_tracking":false,"_monsterinsights_sitenote_active":false,"_monsterinsights_sitenote_note":"","_monsterinsights_sitenote_category":0,"footnotes":""},"categories":[499],"tags":[],"class_list":["post-13525","post","type-post","status-publish","format-standard","hentry","category-non-classifiee","region-afrique-centrale","region-cameroun","type-articles-de-presse","item-year-631","item-theme-double-nationalite"],"acf":[],"_links":{"self":[{"href":"https:\/\/citizenshiprightsafrica.org\/fr\/wp-json\/wp\/v2\/posts\/13525","targetHints":{"allow":["GET"]}}],"collection":[{"href":"https:\/\/citizenshiprightsafrica.org\/fr\/wp-json\/wp\/v2\/posts"}],"about":[{"href":"https:\/\/citizenshiprightsafrica.org\/fr\/wp-json\/wp\/v2\/types\/post"}],"author":[{"embeddable":true,"href":"https:\/\/citizenshiprightsafrica.org\/fr\/wp-json\/wp\/v2\/users\/4"}],"replies":[{"embeddable":true,"href":"https:\/\/citizenshiprightsafrica.org\/fr\/wp-json\/wp\/v2\/comments?post=13525"}],"version-history":[{"count":1,"href":"https:\/\/citizenshiprightsafrica.org\/fr\/wp-json\/wp\/v2\/posts\/13525\/revisions"}],"predecessor-version":[{"id":13526,"href":"https:\/\/citizenshiprightsafrica.org\/fr\/wp-json\/wp\/v2\/posts\/13525\/revisions\/13526"}],"wp:attachment":[{"href":"https:\/\/citizenshiprightsafrica.org\/fr\/wp-json\/wp\/v2\/media?parent=13525"}],"wp:term":[{"taxonomy":"category","embeddable":true,"href":"https:\/\/citizenshiprightsafrica.org\/fr\/wp-json\/wp\/v2\/categories?post=13525"},{"taxonomy":"post_tag","embeddable":true,"href":"https:\/\/citizenshiprightsafrica.org\/fr\/wp-json\/wp\/v2\/tags?post=13525"}],"curies":[{"name":"wp","href":"https:\/\/api.w.org\/{rel}","templated":true}]}}