{"id":14106,"date":"2017-04-04T08:48:27","date_gmt":"2017-04-04T08:48:27","guid":{"rendered":"http:\/\/citizenshiprightsafrica.org\/?p=14106"},"modified":"2017-08-14T08:55:22","modified_gmt":"2017-08-14T08:55:22","slug":"niger-le-journaliste-vedette-baba-alpha-en-prison-pour-faux-et-usage-de-faux","status":"publish","type":"post","link":"https:\/\/citizenshiprightsafrica.org\/fr\/niger-le-journaliste-vedette-baba-alpha-en-prison-pour-faux-et-usage-de-faux\/","title":{"rendered":"Niger: le journaliste vedette Baba Alpha en prison pour \u00abfaux et usage de faux\u00bb"},"content":{"rendered":"<p>Au Niger, le journaliste de la cha\u00eene Bonferey, Baba Alpha, vient de passer sa premi\u00e8re nuit en prison, ce mardi 4 avril 2017. En garde \u00e0 vue depuis jeudi 30 mars, il a \u00e9t\u00e9 inculp\u00e9, lundi 3 avril, de faux et usage de faux. Son p\u00e8re, \u00e2g\u00e9 de 70 ans, arr\u00eat\u00e9 le m\u00eame jour, est aussi poursuivi pour les m\u00eames raisons. Issu d&rsquo;une famille originaire du Mali, le journaliste vedette de la cha\u00eene Bonferey est soup\u00e7onn\u00e9 d&rsquo;avoir utilis\u00e9 de faux documents pour obtenir sa nationalit\u00e9 nig\u00e9rienne en 2011. Pour ses avocats, il n&rsquo;y a pas de doute, on s&rsquo;en prend \u00e0 lui aujourd&rsquo;hui parce qu&rsquo;il est tr\u00e8s critique \u00e0 l&rsquo;\u00e9gard du r\u00e9gime.<\/p>\n<p>Lire la suite:<a href=\"http:\/\/www.rfi.fr\/afrique\/20170404-niger-journaliste-prison-baba-alpha-faux-papiers-nationalite\" target=\"_blank\" rel=\"noopener noreferrer\"> http:\/\/www.rfi.fr\/afrique\/20170404-niger-journaliste-prison-baba-alpha-faux-papiers-nationalite<\/a><\/p>\n","protected":false},"excerpt":{"rendered":"Au Niger, le journaliste de la cha\u00eene Bonferey, Baba Alpha, vient de passer sa premi\u00e8re nuit en prison, ce mardi 4 avril 2017. En garde \u00e0 vue depuis jeudi 30 mars, il a \u00e9t\u00e9 inculp\u00e9, lundi 3 avril, de faux et usage de faux. Son p\u00e8re, \u00e2g\u00e9 de 70 ans, arr\u00eat\u00e9 le m\u00eame jour, est [&hellip;]","protected":false},"author":3,"featured_media":0,"comment_status":"closed","ping_status":"closed","sticky":false,"template":"","format":"standard","meta":{"_acf_changed":false,"_monsterinsights_skip_tracking":false,"_monsterinsights_sitenote_active":false,"_monsterinsights_sitenote_note":"","_monsterinsights_sitenote_category":0,"footnotes":""},"categories":[499,1],"tags":[],"class_list":["post-14106","post","type-post","status-publish","format-standard","hentry","category-non-classifiee","category-uncategorized","region-niger-fr","type-articles-de-presse","item-year-631","item-theme-la-perte-et-la-decheance-de-nationalite"],"acf":[],"_links":{"self":[{"href":"https:\/\/citizenshiprightsafrica.org\/fr\/wp-json\/wp\/v2\/posts\/14106","targetHints":{"allow":["GET"]}}],"collection":[{"href":"https:\/\/citizenshiprightsafrica.org\/fr\/wp-json\/wp\/v2\/posts"}],"about":[{"href":"https:\/\/citizenshiprightsafrica.org\/fr\/wp-json\/wp\/v2\/types\/post"}],"author":[{"embeddable":true,"href":"https:\/\/citizenshiprightsafrica.org\/fr\/wp-json\/wp\/v2\/users\/3"}],"replies":[{"embeddable":true,"href":"https:\/\/citizenshiprightsafrica.org\/fr\/wp-json\/wp\/v2\/comments?post=14106"}],"version-history":[{"count":1,"href":"https:\/\/citizenshiprightsafrica.org\/fr\/wp-json\/wp\/v2\/posts\/14106\/revisions"}],"predecessor-version":[{"id":14107,"href":"https:\/\/citizenshiprightsafrica.org\/fr\/wp-json\/wp\/v2\/posts\/14106\/revisions\/14107"}],"wp:attachment":[{"href":"https:\/\/citizenshiprightsafrica.org\/fr\/wp-json\/wp\/v2\/media?parent=14106"}],"wp:term":[{"taxonomy":"category","embeddable":true,"href":"https:\/\/citizenshiprightsafrica.org\/fr\/wp-json\/wp\/v2\/categories?post=14106"},{"taxonomy":"post_tag","embeddable":true,"href":"https:\/\/citizenshiprightsafrica.org\/fr\/wp-json\/wp\/v2\/tags?post=14106"}],"curies":[{"name":"wp","href":"https:\/\/api.w.org\/{rel}","templated":true}]}}