{"id":15255,"date":"2017-11-14T13:32:07","date_gmt":"2017-11-14T13:32:07","guid":{"rendered":"http:\/\/citizenshiprightsafrica.org\/?p=15255"},"modified":"2017-11-17T13:38:39","modified_gmt":"2017-11-17T13:38:39","slug":"cameroun-privation-de-nationalite-des-marches-contre-lapatridie-organisees-a-lest","status":"publish","type":"post","link":"https:\/\/citizenshiprightsafrica.org\/fr\/cameroun-privation-de-nationalite-des-marches-contre-lapatridie-organisees-a-lest\/","title":{"rendered":"Cameroun &#8211; Privation de Nationalit\u00e9: Des marches contre l\u2019apatridie organis\u00e9es \u00e0 l\u2019Est."},"content":{"rendered":"<p>Pour dire non \u00e0 l\u2019apatridie, des marches pacifiques auxquelles ont pris part les autorit\u00e9s de la r\u00e9gion de l\u2019Est \u00a0ont respectivement \u00e9t\u00e9 organis\u00e9es \u00a0vendredi et samedi dernier, \u00e0 Batouri et Bertoua sous le th\u00e8me :\u00a0<em>\u00ab Ensemble avec le Hcr, luttons pour la r\u00e9duction des risques d\u2019apatridie<\/em>\u00a0\u00bb. Les populations de cette r\u00e9gion qui abrite actuellement\u00a0 un flux de pr\u00e8s de 149.296 r\u00e9fugi\u00e9s centrafricains diss\u00e9min\u00e9s dans les d\u00e9partements du Lom-et-Dj\u00e8rem, de la Kadey et de la Boumba-et-Ngoko sont sorties en masse pour appeler le gouvernement \u00a0Camerounais \u00e0 pr\u00e9venir le d\u00e9ni, la perte ou la privation de nationalit\u00e9 sur des bases discriminatoires et \u00e0 adh\u00e9rer \u00e0 la convention de l\u2019Onu sur l\u2019apatridie. Comme dans de nombreux pays, le ph\u00e9nom\u00e8ne d\u2019apatridie est rest\u00e9 m\u00e9connu au Cameroun depuis l\u2019\u00e9poque coloniale.<\/p>\n<p><a href=\"http:\/\/www.cameroon-info.net\/article\/cameroun-privation-de-nationalite-des-marches-contre-lapatridie-organisees-a-lest-307731.html\">Lire la suite<\/a><\/p>\n","protected":false},"excerpt":{"rendered":"Pour dire non \u00e0 l\u2019apatridie, des marches pacifiques auxquelles ont pris part les autorit\u00e9s de la r\u00e9gion de l\u2019Est \u00a0ont respectivement \u00e9t\u00e9 organis\u00e9es \u00a0vendredi et samedi dernier, \u00e0 Batouri et Bertoua sous le th\u00e8me :\u00a0\u00ab Ensemble avec le Hcr, luttons pour la r\u00e9duction des risques d\u2019apatridie\u00a0\u00bb. Les populations de cette r\u00e9gion qui abrite actuellement\u00a0 un [&hellip;]","protected":false},"author":4,"featured_media":0,"comment_status":"closed","ping_status":"closed","sticky":false,"template":"","format":"standard","meta":{"_acf_changed":false,"_monsterinsights_skip_tracking":false,"_monsterinsights_sitenote_active":false,"_monsterinsights_sitenote_note":"","_monsterinsights_sitenote_category":0,"footnotes":""},"categories":[499],"tags":[],"class_list":["post-15255","post","type-post","status-publish","format-standard","hentry","category-non-classifiee","region-afrique-centrale","region-cameroun","type-articles-de-presse","item-year-631","item-theme-apatridie"],"acf":[],"_links":{"self":[{"href":"https:\/\/citizenshiprightsafrica.org\/fr\/wp-json\/wp\/v2\/posts\/15255","targetHints":{"allow":["GET"]}}],"collection":[{"href":"https:\/\/citizenshiprightsafrica.org\/fr\/wp-json\/wp\/v2\/posts"}],"about":[{"href":"https:\/\/citizenshiprightsafrica.org\/fr\/wp-json\/wp\/v2\/types\/post"}],"author":[{"embeddable":true,"href":"https:\/\/citizenshiprightsafrica.org\/fr\/wp-json\/wp\/v2\/users\/4"}],"replies":[{"embeddable":true,"href":"https:\/\/citizenshiprightsafrica.org\/fr\/wp-json\/wp\/v2\/comments?post=15255"}],"version-history":[{"count":1,"href":"https:\/\/citizenshiprightsafrica.org\/fr\/wp-json\/wp\/v2\/posts\/15255\/revisions"}],"predecessor-version":[{"id":15256,"href":"https:\/\/citizenshiprightsafrica.org\/fr\/wp-json\/wp\/v2\/posts\/15255\/revisions\/15256"}],"wp:attachment":[{"href":"https:\/\/citizenshiprightsafrica.org\/fr\/wp-json\/wp\/v2\/media?parent=15255"}],"wp:term":[{"taxonomy":"category","embeddable":true,"href":"https:\/\/citizenshiprightsafrica.org\/fr\/wp-json\/wp\/v2\/categories?post=15255"},{"taxonomy":"post_tag","embeddable":true,"href":"https:\/\/citizenshiprightsafrica.org\/fr\/wp-json\/wp\/v2\/tags?post=15255"}],"curies":[{"name":"wp","href":"https:\/\/api.w.org\/{rel}","templated":true}]}}