{"id":18267,"date":"2017-10-26T09:05:50","date_gmt":"2017-10-26T09:05:50","guid":{"rendered":"http:\/\/citizenshiprightsafrica.org\/?p=18267"},"modified":"2018-05-16T09:07:29","modified_gmt":"2018-05-16T09:07:29","slug":"cote-divoire-plaidoyer-pour-la-reconduction-de-la-loi-speciale-sur-la-nationalite-par-declaration-2","status":"publish","type":"post","link":"https:\/\/citizenshiprightsafrica.org\/fr\/cote-divoire-plaidoyer-pour-la-reconduction-de-la-loi-speciale-sur-la-nationalite-par-declaration-2\/","title":{"rendered":"C\u00f4te d\u2019Ivoire \/ Plaidoyer pour la reconduction de la loi sp\u00e9ciale sur la nationalit\u00e9 par d\u00e9claration"},"content":{"rendered":"<p>Abidjan, 26 oct (AIP) \u2013 Le Mouvement ivoirien des droits humains (MIDH) a men\u00e9, d\u2019ao\u00fbt \u00e0 octobre, une campagne sur la reconduction de la loi sp\u00e9ciale n\u00b02013-653 du 13 septembre 2013 portant dispositions particuli\u00e8res en mati\u00e8re d\u2019acquisition de la nationalit\u00e9 ivoirienne par d\u00e9claration dont elle a pr\u00e9sent\u00e9 les r\u00e9sultats, jeudi, \u00e0 son si\u00e8ge d\u2019Abidjan-Cocody, en plaidant pour sa reconduction.<\/p>\n<p><a href=\"https:\/\/news.abidjan.net\/h\/624829.html\">Lire la suite<\/a><\/p>\n","protected":false},"excerpt":{"rendered":"Abidjan, 26 oct (AIP) \u2013 Le Mouvement ivoirien des droits humains (MIDH) a men\u00e9, d\u2019ao\u00fbt \u00e0 octobre, une campagne sur la reconduction de la loi sp\u00e9ciale n\u00b02013-653 du 13 septembre 2013 portant dispositions particuli\u00e8res en mati\u00e8re d\u2019acquisition de la nationalit\u00e9 ivoirienne par d\u00e9claration dont elle a pr\u00e9sent\u00e9 les r\u00e9sultats, jeudi, \u00e0 son si\u00e8ge d\u2019Abidjan-Cocody, en [&hellip;]","protected":false},"author":4,"featured_media":0,"comment_status":"closed","ping_status":"closed","sticky":false,"template":"","format":"standard","meta":{"_acf_changed":false,"_monsterinsights_skip_tracking":false,"_monsterinsights_sitenote_active":false,"_monsterinsights_sitenote_note":"","_monsterinsights_sitenote_category":0,"footnotes":""},"categories":[499,1],"tags":[],"class_list":["post-18267","post","type-post","status-publish","format-standard","hentry","category-non-classifiee","category-uncategorized","region-cote-divoire-fr","type-articles-de-presse","item-year-631","item-theme-naturalisation-et-le-mariage"],"acf":[],"_links":{"self":[{"href":"https:\/\/citizenshiprightsafrica.org\/fr\/wp-json\/wp\/v2\/posts\/18267","targetHints":{"allow":["GET"]}}],"collection":[{"href":"https:\/\/citizenshiprightsafrica.org\/fr\/wp-json\/wp\/v2\/posts"}],"about":[{"href":"https:\/\/citizenshiprightsafrica.org\/fr\/wp-json\/wp\/v2\/types\/post"}],"author":[{"embeddable":true,"href":"https:\/\/citizenshiprightsafrica.org\/fr\/wp-json\/wp\/v2\/users\/4"}],"replies":[{"embeddable":true,"href":"https:\/\/citizenshiprightsafrica.org\/fr\/wp-json\/wp\/v2\/comments?post=18267"}],"version-history":[{"count":1,"href":"https:\/\/citizenshiprightsafrica.org\/fr\/wp-json\/wp\/v2\/posts\/18267\/revisions"}],"predecessor-version":[{"id":18269,"href":"https:\/\/citizenshiprightsafrica.org\/fr\/wp-json\/wp\/v2\/posts\/18267\/revisions\/18269"}],"wp:attachment":[{"href":"https:\/\/citizenshiprightsafrica.org\/fr\/wp-json\/wp\/v2\/media?parent=18267"}],"wp:term":[{"taxonomy":"category","embeddable":true,"href":"https:\/\/citizenshiprightsafrica.org\/fr\/wp-json\/wp\/v2\/categories?post=18267"},{"taxonomy":"post_tag","embeddable":true,"href":"https:\/\/citizenshiprightsafrica.org\/fr\/wp-json\/wp\/v2\/tags?post=18267"}],"curies":[{"name":"wp","href":"https:\/\/api.w.org\/{rel}","templated":true}]}}