{"id":21088,"date":"2018-11-20T18:46:54","date_gmt":"2018-11-20T18:46:54","guid":{"rendered":"http:\/\/citizenshiprightsafrica.org\/?p=21088"},"modified":"2018-12-18T18:54:00","modified_gmt":"2018-12-18T18:54:00","slug":"un-salafiste-demande-a-etre-dechu-de-sa-nationalite-marocaine","status":"publish","type":"post","link":"https:\/\/citizenshiprightsafrica.org\/fr\/un-salafiste-demande-a-etre-dechu-de-sa-nationalite-marocaine\/","title":{"rendered":"Un salafiste demande \u00e0 \u00eatre d\u00e9chu de sa nationalit\u00e9 marocaine"},"content":{"rendered":"<p>Un ancien d\u00e9tenu salafiste a demand\u00e9 aux autorit\u00e9s marocaines d\u2019\u00eatre d\u00e9chu de sa nationalit\u00e9 marocaine. En cause, \u201cun proc\u00e8s in\u00e9quitable et la contrainte de signer une d\u00e9claration n\u2019incluant pas ses dires et qui le mettait en accusation\u201d. C\u2019est le journal arabophone <em>Akhbar Al Youm<\/em> qui rapporte l\u2019information dans son \u00e9dition de ce mardi.<\/p>\n<p>C\u2019est dans une lettre adress\u00e9e au ministre marocain de la Justice, Mohamed Aujjar, d\u00e9pos\u00e9e \u00e0 l\u2019ambassade marocaine en Allemagne que l\u2019ancien d\u00e9tenu islamiste Mohammed Hajib a fait cette demande. Il y sp\u00e9cifie les cas dans lesquels il esp\u00e8re que sa d\u00e9ch\u00e9ance sera prononc\u00e9e et qui l\u2019ont conduit \u00e0 prendre cette d\u00e9cision de non-retour.<\/p>\n<p>Il y raconte qu\u2019il a \u00e9t\u00e9 incarc\u00e9r\u00e9 sept ans durant, en prison, arbitrairement, sans preuves mat\u00e9rielles ni t\u00e9moins. Les pratiques de torture subies et les conditions de son emprisonnement qui l\u2019ont affect\u00e9 ainsi que sa famille seraient les \u00e9l\u00e9ments d\u00e9clencheurs de cette prise de d\u00e9cision.<\/p>\n<p>Une plainte a \u00e9t\u00e9 d\u00e9pos\u00e9e aupr\u00e8s du Comit\u00e9 des Nations Unies contre la torture, dans le cadre de cette affaire. Elle \u00e9mane de l\u2019Organisation internationale des droits de l\u2019homme apr\u00e8s avoir re\u00e7u l\u2019aval de l\u2019organisation Alkarama \u00e0 Gen\u00e8ve. Cette derni\u00e8re exige que le gouvernement marocain \u201cm\u00e8ne une enqu\u00eate approfondie\u201d, dans toutes les violations auxquelles il a \u00e9t\u00e9 soumis et \u00e0 \u201cr\u00e9parer les graves pr\u00e9judices subis\u201d par le principal concern\u00e9.<\/p>\n<p>Lire la suite: <a href=\"https:\/\/www.lesiteinfo.com\/maroc\/un-salafiste-demande-a-etre-dechu-de-sa-nationalite-marocaine\/\" target=\"_blank\" rel=\"noopener noreferrer\">https:\/\/www.lesiteinfo.com\/maroc\/un-salafiste-demande-a-etre-dechu-de-sa-nationalite-marocaine\/<\/a><\/p>\n","protected":false},"excerpt":{"rendered":"Un ancien d\u00e9tenu salafiste a demand\u00e9 aux autorit\u00e9s marocaines d\u2019\u00eatre d\u00e9chu de sa nationalit\u00e9 marocaine. En cause, \u201cun proc\u00e8s in\u00e9quitable et la contrainte de signer une d\u00e9claration n\u2019incluant pas ses dires et qui le mettait en accusation\u201d. C\u2019est le journal arabophone Akhbar Al Youm qui rapporte l\u2019information dans son \u00e9dition de ce mardi. C\u2019est dans [&hellip;]","protected":false},"author":3,"featured_media":0,"comment_status":"closed","ping_status":"closed","sticky":false,"template":"","format":"standard","meta":{"_acf_changed":false,"_monsterinsights_skip_tracking":false,"_monsterinsights_sitenote_active":false,"_monsterinsights_sitenote_note":"","_monsterinsights_sitenote_category":0,"footnotes":""},"categories":[499,1],"tags":[],"class_list":["post-21088","post","type-post","status-publish","format-standard","hentry","category-non-classifiee","category-uncategorized","region-maroc","type-articles-de-presse","item-year-642","item-theme-la-perte-et-la-decheance-de-nationalite"],"acf":[],"_links":{"self":[{"href":"https:\/\/citizenshiprightsafrica.org\/fr\/wp-json\/wp\/v2\/posts\/21088","targetHints":{"allow":["GET"]}}],"collection":[{"href":"https:\/\/citizenshiprightsafrica.org\/fr\/wp-json\/wp\/v2\/posts"}],"about":[{"href":"https:\/\/citizenshiprightsafrica.org\/fr\/wp-json\/wp\/v2\/types\/post"}],"author":[{"embeddable":true,"href":"https:\/\/citizenshiprightsafrica.org\/fr\/wp-json\/wp\/v2\/users\/3"}],"replies":[{"embeddable":true,"href":"https:\/\/citizenshiprightsafrica.org\/fr\/wp-json\/wp\/v2\/comments?post=21088"}],"version-history":[{"count":1,"href":"https:\/\/citizenshiprightsafrica.org\/fr\/wp-json\/wp\/v2\/posts\/21088\/revisions"}],"predecessor-version":[{"id":21090,"href":"https:\/\/citizenshiprightsafrica.org\/fr\/wp-json\/wp\/v2\/posts\/21088\/revisions\/21090"}],"wp:attachment":[{"href":"https:\/\/citizenshiprightsafrica.org\/fr\/wp-json\/wp\/v2\/media?parent=21088"}],"wp:term":[{"taxonomy":"category","embeddable":true,"href":"https:\/\/citizenshiprightsafrica.org\/fr\/wp-json\/wp\/v2\/categories?post=21088"},{"taxonomy":"post_tag","embeddable":true,"href":"https:\/\/citizenshiprightsafrica.org\/fr\/wp-json\/wp\/v2\/tags?post=21088"}],"curies":[{"name":"wp","href":"https:\/\/api.w.org\/{rel}","templated":true}]}}