{"id":21260,"date":"2018-01-23T19:39:52","date_gmt":"2018-01-23T19:39:52","guid":{"rendered":"http:\/\/citizenshiprightsafrica.org\/?p=21260"},"modified":"2019-01-01T19:43:04","modified_gmt":"2019-01-01T19:43:04","slug":"maroc-etat-civil-6-des-enfants-non-enregistres","status":"publish","type":"post","link":"https:\/\/citizenshiprightsafrica.org\/fr\/maroc-etat-civil-6-des-enfants-non-enregistres\/","title":{"rendered":"Maroc: Etat civil : 6% des enfants non enregistr\u00e9s"},"content":{"rendered":"<p><span class=\"s1\">Selon un dernier rapport non encore publi\u00e9 de l\u2019Unicef, 6% des enfants ne sont pas inscrits \u00e0 l\u2019\u00e9tat civil alors que 94% le sont d\u00e9j\u00e0. Une source du minist\u00e8re de l\u2019int\u00e9rieur pr\u00e9cise que jusqu\u2019\u00e0 pr\u00e9sent aucun chiffre indiquant le nombre des enfants non inscrits aux registres de l\u2019\u00e9tat civil n\u2019est disponible. <\/span><\/p>\n<p><span class=\"s1\">Afin de sensibiliser \u00e0 cette probl\u00e9matique, le Maroc a lanc\u00e9 depuis le 15 janvier une campagne d\u2019inscription baptis\u00e9e \u00abJe suis inscrit, donc j\u2019existe\u00bb ciblant les enfants non enregistr\u00e9s \u00e0 l\u2019\u00e9tat civil. <\/span><\/p>\n<p><span class=\"s1\">Cette initiative intervient suite \u00e0 la circulaire du chef de gouvernement dat\u00e9e du 4 septembre 2017 et vise surtout \u00e0 appliquer les dispositions de la Constitution, notamment les articles 31 et 32 qui consacrent l\u2019\u00e9gal acc\u00e8s des citoyens et des citoyennes aux droits fondamentaux. <\/span><\/p>\n<p><span class=\"s1\">Sont cibl\u00e9s par cette op\u00e9ration les enfants scolaris\u00e9s et non scolaris\u00e9s non inscrits aux registres de l\u2019\u00e9tat civil, les enfants pensionnaires des \u00e9tablissements sociaux et de la protection de l\u2019enfance, les enfants se trouvant dans une situation pr\u00e9caire, ou encore les enfants de p\u00e8re inconnu. Cette campagne vise aussi les enfants des Marocains r\u00e9sidant \u00e0 l\u2019\u00e9tranger qui ne sont pas encore enregistr\u00e9s \u00e0 l\u2019\u00e9tat civil. <\/span><\/p>\n<p><span class=\"s1\">Pour assurer le bon d\u00e9roulement de l\u2019op\u00e9ration, la circulaire du chef de gouvernement avait pr\u00e9vu la mise en place d\u2019un dispositif au niveau territorial. Dans le d\u00e9tail, la d\u00e9l\u00e9gation interminist\u00e9rielle aux droits de l\u2019Homme (DIDH) explique que cette d\u00e9marche est conduite par une commission interminist\u00e9rielle en coordination avec d\u2019autres commissions r\u00e9gionales et provinciales.<\/span><\/p>\n<p>Lire la suite: <a href=\"http:\/\/aujourdhui.ma\/societe\/etat-civil-6-des-enfants-non-enregistres\" target=\"_blank\" rel=\"noopener noreferrer\">http:\/\/aujourdhui.ma\/societe\/etat-civil-6-des-enfants-non-enregistres<\/a><\/p>\n","protected":false},"excerpt":{"rendered":"Selon un dernier rapport non encore publi\u00e9 de l\u2019Unicef, 6% des enfants ne sont pas inscrits \u00e0 l\u2019\u00e9tat civil alors que 94% le sont d\u00e9j\u00e0. Une source du minist\u00e8re de l\u2019int\u00e9rieur pr\u00e9cise que jusqu\u2019\u00e0 pr\u00e9sent aucun chiffre indiquant le nombre des enfants non inscrits aux registres de l\u2019\u00e9tat civil n\u2019est disponible. Afin de sensibiliser \u00e0 [&hellip;]","protected":false},"author":3,"featured_media":0,"comment_status":"closed","ping_status":"closed","sticky":false,"template":"","format":"standard","meta":{"_acf_changed":false,"_monsterinsights_skip_tracking":false,"_monsterinsights_sitenote_active":false,"_monsterinsights_sitenote_note":"","_monsterinsights_sitenote_category":0,"footnotes":""},"categories":[499,1],"tags":[],"class_list":["post-21260","post","type-post","status-publish","format-standard","hentry","category-non-classifiee","category-uncategorized","region-maroc","type-articles-de-presse","item-year-642","item-year-660","item-theme-enregistrement-des-naissances"],"acf":[],"_links":{"self":[{"href":"https:\/\/citizenshiprightsafrica.org\/fr\/wp-json\/wp\/v2\/posts\/21260","targetHints":{"allow":["GET"]}}],"collection":[{"href":"https:\/\/citizenshiprightsafrica.org\/fr\/wp-json\/wp\/v2\/posts"}],"about":[{"href":"https:\/\/citizenshiprightsafrica.org\/fr\/wp-json\/wp\/v2\/types\/post"}],"author":[{"embeddable":true,"href":"https:\/\/citizenshiprightsafrica.org\/fr\/wp-json\/wp\/v2\/users\/3"}],"replies":[{"embeddable":true,"href":"https:\/\/citizenshiprightsafrica.org\/fr\/wp-json\/wp\/v2\/comments?post=21260"}],"version-history":[{"count":1,"href":"https:\/\/citizenshiprightsafrica.org\/fr\/wp-json\/wp\/v2\/posts\/21260\/revisions"}],"predecessor-version":[{"id":21261,"href":"https:\/\/citizenshiprightsafrica.org\/fr\/wp-json\/wp\/v2\/posts\/21260\/revisions\/21261"}],"wp:attachment":[{"href":"https:\/\/citizenshiprightsafrica.org\/fr\/wp-json\/wp\/v2\/media?parent=21260"}],"wp:term":[{"taxonomy":"category","embeddable":true,"href":"https:\/\/citizenshiprightsafrica.org\/fr\/wp-json\/wp\/v2\/categories?post=21260"},{"taxonomy":"post_tag","embeddable":true,"href":"https:\/\/citizenshiprightsafrica.org\/fr\/wp-json\/wp\/v2\/tags?post=21260"}],"curies":[{"name":"wp","href":"https:\/\/api.w.org\/{rel}","templated":true}]}}