{"id":22055,"date":"2019-03-12T11:34:42","date_gmt":"2019-03-12T11:34:42","guid":{"rendered":"http:\/\/citizenshiprightsafrica.org\/?p=22055"},"modified":"2019-03-13T11:37:48","modified_gmt":"2019-03-13T11:37:48","slug":"rdc-lopposant-pierre-jacques-chalupa-est-decede-a-kinshasa","status":"publish","type":"post","link":"https:\/\/citizenshiprightsafrica.org\/fr\/rdc-lopposant-pierre-jacques-chalupa-est-decede-a-kinshasa\/","title":{"rendered":"RDC : l\u2019opposant Pierre-Jacques Chalupa est d\u00e9c\u00e9d\u00e9 \u00e0 Kinshasa"},"content":{"rendered":"<p>L\u2019opposant congolais Pierre-Jacques Chalupa est d\u00e9c\u00e9d\u00e9 lundi 11 mars soir \u00e0 l\u2019h\u00f4pital du Cinquantenaire de Kinshasa. Il est mort \u00e0 la suite d\u2019un cancer, annonce le pr\u00e9sident de son parti\u00a0ce mardi 12 mars.<\/p>\n<p>Selon Prince Epenge, pr\u00e9sident du parti politique Action pour la d\u00e9mocratie et le d\u00e9veloppement au Congo (ADD Congo), parti de M. Chalupa, l\u2019incarc\u00e9ration de Chalupa \u00e0 la prison de Makala a aggrav\u00e9 son \u00e9tat de sant\u00e9.<\/p>\n<p><em>\u00ab Pierre-jacques Chalupa est d\u00e9c\u00e9d\u00e9 hier \u00e0 20h \u00e0 l\u2019h\u00f4pital du Cinquantenaire \u00e0 Kinshasa. Vous savez qu\u2019il a \u00e9t\u00e9 incarc\u00e9r\u00e9 pendant plus deux ans \u00e0 la prison de Makala par le r\u00e9gime de Kabila. Selon eux, il avait usurp\u00e9 la nationalit\u00e9 congolaise. Lors de son emprisonnement \u00e0 Makala, il \u00e9tait tomb\u00e9 s\u00e9rieusement malade. Depuis, il ne s\u2019est jamais remis. A partir de la prison de Makala, on avait d\u00e9tect\u00e9 qu\u2019il avait un d\u00e9but de cancer et la situation s\u2019est aggrav\u00e9e\u00a0\u00bb, <\/em>a expliqu\u00e9 Prince Epenge.<\/p>\n<p>La Cour supr\u00eame de justice (CSJ) avait condamn\u00e9 en 2013 l\u2019opposant Pierre-Jacques Chalupa, \u00e0 trois ans de servitude p\u00e9nale pour faux et usage de faux. La haute cour qui rendait l\u2019arr\u00eat en appel r\u00e9duisait d\u2019une ann\u00e9e la peine prononc\u00e9e en premi\u00e8re instance et avait ainsi confirm\u00e9 l\u2019acte d\u2019accusation.<\/p>\n<p>En octobre 2012, le Tribunal de paix de Kinshasa\/Ngaliema avait condamn\u00e9 l\u2019opposant \u00e0 quatre ans d\u2019emprisonnement pour d\u00e9tention d\u2019une fausse attestation d\u2019acquisition de la nationalit\u00e9 congolaise, d\u2019une fausse carte d\u2019\u00e9lecteur et d\u2019un faux passeport congolais.<\/p>\n<p>Pierre-Jacques Chalupa a toujours affirm\u00e9 qu\u2019il est Congolais et n\u2019a jamais usurp\u00e9 cette nationalit\u00e9.<\/p>\n<p><em>\u00ab\u00a0Je suis n\u00e9 au Congo-Belge Rwanda Urundi en 1948. Mon p\u00e8re est n\u00e9 en 1927 \u00e0 Matadi. Ma grand-m\u00e8re est n\u00e9e en 1899 \u00e0 Boma. Je suis sur le m\u00eame diapason que Yerodia Abdoulaye Ndombasi \u00bb,<\/em> affirmait le pr\u00e9sident d\u2019Action pour la d\u00e9mocratie et le d\u00e9veloppement au Congo.<\/p>\n<p><a href=\"https:\/\/www.radiookapi.net\/2019\/03\/12\/actualite\/politique\/rdc-lopposant-pierre-jacques-chalupa-est-decede-kinshasa\" target=\"_blank\" rel=\"noopener noreferrer\">https:\/\/www.radiookapi.net\/2019\/03\/12\/actualite\/politique\/rdc-lopposant-pierre-jacques-chalupa-est-decede-kinshasa<\/a><\/p>\n","protected":false},"excerpt":{"rendered":"L\u2019opposant congolais Pierre-Jacques Chalupa est d\u00e9c\u00e9d\u00e9 lundi 11 mars soir \u00e0 l\u2019h\u00f4pital du Cinquantenaire de Kinshasa. Il est mort \u00e0 la suite d\u2019un cancer, annonce le pr\u00e9sident de son parti\u00a0ce mardi 12 mars. Selon Prince Epenge, pr\u00e9sident du parti politique Action pour la d\u00e9mocratie et le d\u00e9veloppement au Congo (ADD Congo), parti de M. Chalupa, [&hellip;]","protected":false},"author":3,"featured_media":0,"comment_status":"closed","ping_status":"closed","sticky":false,"template":"","format":"standard","meta":{"_acf_changed":false,"_monsterinsights_skip_tracking":false,"_monsterinsights_sitenote_active":false,"_monsterinsights_sitenote_note":"","_monsterinsights_sitenote_category":0,"footnotes":""},"categories":[499,1],"tags":[],"class_list":["post-22055","post","type-post","status-publish","format-standard","hentry","category-non-classifiee","category-uncategorized","region-republique-democratique-du-congo","type-articles-de-presse","item-year-660","item-theme-nationalite-des-politiciens"],"acf":[],"_links":{"self":[{"href":"https:\/\/citizenshiprightsafrica.org\/fr\/wp-json\/wp\/v2\/posts\/22055","targetHints":{"allow":["GET"]}}],"collection":[{"href":"https:\/\/citizenshiprightsafrica.org\/fr\/wp-json\/wp\/v2\/posts"}],"about":[{"href":"https:\/\/citizenshiprightsafrica.org\/fr\/wp-json\/wp\/v2\/types\/post"}],"author":[{"embeddable":true,"href":"https:\/\/citizenshiprightsafrica.org\/fr\/wp-json\/wp\/v2\/users\/3"}],"replies":[{"embeddable":true,"href":"https:\/\/citizenshiprightsafrica.org\/fr\/wp-json\/wp\/v2\/comments?post=22055"}],"version-history":[{"count":1,"href":"https:\/\/citizenshiprightsafrica.org\/fr\/wp-json\/wp\/v2\/posts\/22055\/revisions"}],"predecessor-version":[{"id":22056,"href":"https:\/\/citizenshiprightsafrica.org\/fr\/wp-json\/wp\/v2\/posts\/22055\/revisions\/22056"}],"wp:attachment":[{"href":"https:\/\/citizenshiprightsafrica.org\/fr\/wp-json\/wp\/v2\/media?parent=22055"}],"wp:term":[{"taxonomy":"category","embeddable":true,"href":"https:\/\/citizenshiprightsafrica.org\/fr\/wp-json\/wp\/v2\/categories?post=22055"},{"taxonomy":"post_tag","embeddable":true,"href":"https:\/\/citizenshiprightsafrica.org\/fr\/wp-json\/wp\/v2\/tags?post=22055"}],"curies":[{"name":"wp","href":"https:\/\/api.w.org\/{rel}","templated":true}]}}