{"id":22152,"date":"2019-03-26T10:23:35","date_gmt":"2019-03-26T10:23:35","guid":{"rendered":"http:\/\/citizenshiprightsafrica.org\/?p=22152"},"modified":"2019-03-26T19:26:05","modified_gmt":"2019-03-26T19:26:05","slug":"en-algerie-la-nationalite-marocaine-dabdelkader-bensalah-fait-de-nouveau-polemique","status":"publish","type":"post","link":"https:\/\/citizenshiprightsafrica.org\/fr\/en-algerie-la-nationalite-marocaine-dabdelkader-bensalah-fait-de-nouveau-polemique\/","title":{"rendered":"En Alg\u00e9rie, la \u00abnationalit\u00e9 marocaine\u00bb d&rsquo;Abdelkader Bensalah fait de nouveau pol\u00e9mique"},"content":{"rendered":"<div>\n<p>Un dirigeant du Front islamique alg\u00e9rien pour la justice et le d\u00e9veloppement (FJD) a cr\u00e9\u00e9 la pol\u00e9mique, en d\u00e9clarant que l&rsquo;actuel pr\u00e9sident du Conseil de la nation, la premi\u00e8re chambre du parlement alg\u00e9rien, ne pourrait pas diriger le pays si l&rsquo;actuel pr\u00e9sident Abdelaziz Bouteflika d\u00e9missionne. Pour lui, la raison n\u2019est autre que \u00abla nationalit\u00e9 marocaine\u00bb d\u2019Abdelkader Bensalah.<\/p>\n<p>&#8230;Suite : <a href=\"https:\/\/www.yabiladi.com\/articles\/details\/76299\/algerie-nationalite-marocaine-d-abdelkader-bensalah.html\">https:\/\/www.yabiladi.com\/articles\/details\/76299\/algerie-nationalite-marocaine-d-abdelkader-bensalah.html<\/a><\/p>\n<\/div>\n<p>&nbsp;<\/p>\n","protected":false},"excerpt":{"rendered":"Un dirigeant du Front islamique alg\u00e9rien pour la justice et le d\u00e9veloppement (FJD) a cr\u00e9\u00e9 la pol\u00e9mique, en d\u00e9clarant que l&rsquo;actuel pr\u00e9sident du Conseil de la nation, la premi\u00e8re chambre du parlement alg\u00e9rien, ne pourrait pas diriger le pays si l&rsquo;actuel pr\u00e9sident Abdelaziz Bouteflika d\u00e9missionne. Pour lui, la raison n\u2019est autre que \u00abla nationalit\u00e9 marocaine\u00bb [&hellip;]","protected":false},"author":3,"featured_media":0,"comment_status":"closed","ping_status":"closed","sticky":false,"template":"","format":"standard","meta":{"_acf_changed":false,"_monsterinsights_skip_tracking":false,"_monsterinsights_sitenote_active":false,"_monsterinsights_sitenote_note":"","_monsterinsights_sitenote_category":0,"footnotes":""},"categories":[499],"tags":[],"class_list":["post-22152","post","type-post","status-publish","format-standard","hentry","category-non-classifiee","region-algerie","type-articles-de-presse","item-year-660","item-theme-nationalite-des-politiciens"],"acf":[],"_links":{"self":[{"href":"https:\/\/citizenshiprightsafrica.org\/fr\/wp-json\/wp\/v2\/posts\/22152","targetHints":{"allow":["GET"]}}],"collection":[{"href":"https:\/\/citizenshiprightsafrica.org\/fr\/wp-json\/wp\/v2\/posts"}],"about":[{"href":"https:\/\/citizenshiprightsafrica.org\/fr\/wp-json\/wp\/v2\/types\/post"}],"author":[{"embeddable":true,"href":"https:\/\/citizenshiprightsafrica.org\/fr\/wp-json\/wp\/v2\/users\/3"}],"replies":[{"embeddable":true,"href":"https:\/\/citizenshiprightsafrica.org\/fr\/wp-json\/wp\/v2\/comments?post=22152"}],"version-history":[{"count":2,"href":"https:\/\/citizenshiprightsafrica.org\/fr\/wp-json\/wp\/v2\/posts\/22152\/revisions"}],"predecessor-version":[{"id":22155,"href":"https:\/\/citizenshiprightsafrica.org\/fr\/wp-json\/wp\/v2\/posts\/22152\/revisions\/22155"}],"wp:attachment":[{"href":"https:\/\/citizenshiprightsafrica.org\/fr\/wp-json\/wp\/v2\/media?parent=22152"}],"wp:term":[{"taxonomy":"category","embeddable":true,"href":"https:\/\/citizenshiprightsafrica.org\/fr\/wp-json\/wp\/v2\/categories?post=22152"},{"taxonomy":"post_tag","embeddable":true,"href":"https:\/\/citizenshiprightsafrica.org\/fr\/wp-json\/wp\/v2\/tags?post=22152"}],"curies":[{"name":"wp","href":"https:\/\/api.w.org\/{rel}","templated":true}]}}