{"id":25696,"date":"2018-02-27T10:36:21","date_gmt":"2018-02-27T10:36:21","guid":{"rendered":"http:\/\/citizenshiprightsafrica.org\/?p=25696"},"modified":"2019-12-17T10:39:30","modified_gmt":"2019-12-17T10:39:30","slug":"le-1er-congres-ministeriel-sur-lappartenance-et-lidentite-juridique-a-tunis","status":"publish","type":"post","link":"https:\/\/citizenshiprightsafrica.org\/fr\/le-1er-congres-ministeriel-sur-lappartenance-et-lidentite-juridique-a-tunis\/","title":{"rendered":"Le 1er congr\u00e8s minist\u00e9riel sur \u00ab l\u2019appartenance et l\u2019identit\u00e9 juridique \u00bb \u00e0 Tunis"},"content":{"rendered":"<p>Le premier congr\u00e8s minist\u00e9riel sur \u00ab l\u2019appartenance et l\u2019identit\u00e9 juridique \u00bb se tiendra, mercredi \u00e0 Tunis, avec la participation du Maroc<br \/>\nIniti\u00e9e en partenariat avec la Ligue arabe et le Haut Commissariat des Nations unies pour les r\u00e9fugi\u00e9s (HCR), cette rencontre permettra de faire la lumi\u00e8re sur les r\u00e9formes et les meilleures pratiques favorisant la protection des enfants apatrides, outre le renforcement des proc\u00e9dures garantissant l\u2019acquisition d\u2019une nationalit\u00e9.<\/p>\n<p>Cette rencontre sera couronn\u00e9e par l\u2019adoption de la d\u00e9claration arabe relative \u00e0 l\u2019appartenance et \u00e0 l\u2019identit\u00e9 qui illustrera, selon un communiqu\u00e9 de la Ligue Arabe, l\u2019int\u00e9r\u00eat accord\u00e9 par les Etats membres \u00e0 la protection des droits de l\u2019enfance dans la r\u00e9gion arabe.<\/p>\n<p>Ce congr\u00e8s s\u2019inscrit dans le cadre de la campagne globale \u00ab I Belong \u00bb (J\u2019appartiens) lanc\u00e9e par le HCR, qui vise la r\u00e9duction des cas d\u2019apatridie \u00e0 travers le monde.<\/p>\n<p>Cette manifestation vient, aussi, concr\u00e9tiser les recommandations issues du premier congr\u00e8s arabe sur les nouvelles pratiques et les opportunit\u00e9s r\u00e9gionales de renforcement des droits de la femme \u00e0 l\u2019\u00e9galit\u00e9 dans l\u2019obtention de la nationalit\u00e9, qui a eu lieu les 1 et 2 octobre 2017.<\/p>\n<p>Elle s\u2019inscrit dans le cadre d\u2019une s\u00e9rie de rencontres internationales sur la femme dans la r\u00e9gion arabe, pr\u00e9vue du 28 f\u00e9vrier au 02 mars.<\/p>\n<p>Lire la suite: <a href=\"https:\/\/abc24.ma\/le-1er-congres-ministeriel-sur-lappartenance-et-lidentite-juridique-a-tunis\/\" target=\"_blank\" rel=\"noopener noreferrer\">https:\/\/abc24.ma\/le-1er-congres-ministeriel-sur-lappartenance-et-lidentite-juridique-a-tunis\/<\/a><\/p>\n","protected":false},"excerpt":{"rendered":"Le premier congr\u00e8s minist\u00e9riel sur \u00ab l\u2019appartenance et l\u2019identit\u00e9 juridique \u00bb se tiendra, mercredi \u00e0 Tunis, avec la participation du Maroc Initi\u00e9e en partenariat avec la Ligue arabe et le Haut Commissariat des Nations unies pour les r\u00e9fugi\u00e9s (HCR), cette rencontre permettra de faire la lumi\u00e8re sur les r\u00e9formes et les meilleures pratiques favorisant la [&hellip;]","protected":false},"author":3,"featured_media":0,"comment_status":"closed","ping_status":"closed","sticky":false,"template":"","format":"standard","meta":{"_acf_changed":false,"_monsterinsights_skip_tracking":false,"_monsterinsights_sitenote_active":false,"_monsterinsights_sitenote_note":"","_monsterinsights_sitenote_category":0,"footnotes":""},"categories":[499],"tags":[],"class_list":["post-25696","post","type-post","status-publish","format-standard","hentry","category-non-classifiee","region-afrique-du-nord","region-maroc","type-articles-de-presse","item-year-642","item-theme-acquisition-par-les-enfants","item-theme-enregistrement-des-naissances","item-theme-normes-sous-regionales"],"acf":[],"_links":{"self":[{"href":"https:\/\/citizenshiprightsafrica.org\/fr\/wp-json\/wp\/v2\/posts\/25696","targetHints":{"allow":["GET"]}}],"collection":[{"href":"https:\/\/citizenshiprightsafrica.org\/fr\/wp-json\/wp\/v2\/posts"}],"about":[{"href":"https:\/\/citizenshiprightsafrica.org\/fr\/wp-json\/wp\/v2\/types\/post"}],"author":[{"embeddable":true,"href":"https:\/\/citizenshiprightsafrica.org\/fr\/wp-json\/wp\/v2\/users\/3"}],"replies":[{"embeddable":true,"href":"https:\/\/citizenshiprightsafrica.org\/fr\/wp-json\/wp\/v2\/comments?post=25696"}],"version-history":[{"count":1,"href":"https:\/\/citizenshiprightsafrica.org\/fr\/wp-json\/wp\/v2\/posts\/25696\/revisions"}],"predecessor-version":[{"id":25697,"href":"https:\/\/citizenshiprightsafrica.org\/fr\/wp-json\/wp\/v2\/posts\/25696\/revisions\/25697"}],"wp:attachment":[{"href":"https:\/\/citizenshiprightsafrica.org\/fr\/wp-json\/wp\/v2\/media?parent=25696"}],"wp:term":[{"taxonomy":"category","embeddable":true,"href":"https:\/\/citizenshiprightsafrica.org\/fr\/wp-json\/wp\/v2\/categories?post=25696"},{"taxonomy":"post_tag","embeddable":true,"href":"https:\/\/citizenshiprightsafrica.org\/fr\/wp-json\/wp\/v2\/tags?post=25696"}],"curies":[{"name":"wp","href":"https:\/\/api.w.org\/{rel}","templated":true}]}}