{"id":33597,"date":"2021-11-06T10:29:50","date_gmt":"2021-11-06T10:29:50","guid":{"rendered":"http:\/\/citizenshiprightsafrica.org\/?p=33597"},"modified":"2021-11-08T10:35:03","modified_gmt":"2021-11-08T10:35:03","slug":"afrique-de-louest-les-etats-vent-debout-contre-lapatridie","status":"publish","type":"post","link":"https:\/\/citizenshiprightsafrica.org\/fr\/afrique-de-louest-les-etats-vent-debout-contre-lapatridie\/","title":{"rendered":"Afrique de l\u2019Ouest : les \u00c9tats vent debout contre l\u2019apatridie"},"content":{"rendered":"<p>Le terme <em>apatride<\/em>\u00a0d\u00e9signe une personne qui n\u2019a la nationalit\u00e9 d\u2019aucun pays.\u00a0Ils sont plus d\u2019un million \u00e0 \u00eatre dans ce cas en\u00a0<a class=\"Link Link--entity\" href=\"https:\/\/www.lepoint.fr\/tags\/afrique\">Afrique<\/a>\u00a0de l\u2019Ouest et \u00e0 vivre ainsi sans identit\u00e9 l\u00e9gale. Aujourd\u2019hui, alors qu\u2019il y a eu une r\u00e9elle prise de conscience des \u00c9tats de la sous-r\u00e9gion, la question n\u2019est plus de savoir comment y mettre fin, mais pourquoi il est n\u00e9cessaire d\u2019aller plus loin en int\u00e9grant r\u00e9fugi\u00e9s et d\u00e9plac\u00e9s, ou encore de prendre en charge les personnes qui risquent le plus de se retrouver dans cette situation. L\u2019enjeu est de taille pour l\u2019Afrique, qui entend tirer avantage de toutes ses potentialit\u00e9s pour \u00eatre au diapason des nouveaux d\u00e9fis \u00e9conomiques et d\u00e9mographiques\u00a0auxquels le continent\u00a0doit faire face.<\/p>\n<p><a href=\"https:\/\/www.lepoint.fr\/afrique\/afrique-de-l-ouest-les-etats-vent-debout-contre-l-apatridie-06-11-2021-2450918_3826.php\">Lire la suite<\/a><\/p>\n","protected":false},"excerpt":{"rendered":"Le terme apatride\u00a0d\u00e9signe une personne qui n\u2019a la nationalit\u00e9 d\u2019aucun pays.\u00a0Ils sont plus d\u2019un million \u00e0 \u00eatre dans ce cas en\u00a0Afrique\u00a0de l\u2019Ouest et \u00e0 vivre ainsi sans identit\u00e9 l\u00e9gale. Aujourd\u2019hui, alors qu\u2019il y a eu une r\u00e9elle prise de conscience des \u00c9tats de la sous-r\u00e9gion, la question n\u2019est plus de savoir comment y mettre fin, [&hellip;]","protected":false},"author":4,"featured_media":0,"comment_status":"closed","ping_status":"closed","sticky":false,"template":"","format":"standard","meta":{"_acf_changed":false,"_monsterinsights_skip_tracking":false,"_monsterinsights_sitenote_active":false,"_monsterinsights_sitenote_note":"","_monsterinsights_sitenote_category":0,"footnotes":""},"categories":[499],"tags":[],"class_list":["post-33597","post","type-post","status-publish","format-standard","hentry","category-non-classifiee","region-afrique-de-l-ouest","type-articles-de-presse","item-year-676","item-theme-apatridie"],"acf":[],"_links":{"self":[{"href":"https:\/\/citizenshiprightsafrica.org\/fr\/wp-json\/wp\/v2\/posts\/33597","targetHints":{"allow":["GET"]}}],"collection":[{"href":"https:\/\/citizenshiprightsafrica.org\/fr\/wp-json\/wp\/v2\/posts"}],"about":[{"href":"https:\/\/citizenshiprightsafrica.org\/fr\/wp-json\/wp\/v2\/types\/post"}],"author":[{"embeddable":true,"href":"https:\/\/citizenshiprightsafrica.org\/fr\/wp-json\/wp\/v2\/users\/4"}],"replies":[{"embeddable":true,"href":"https:\/\/citizenshiprightsafrica.org\/fr\/wp-json\/wp\/v2\/comments?post=33597"}],"version-history":[{"count":2,"href":"https:\/\/citizenshiprightsafrica.org\/fr\/wp-json\/wp\/v2\/posts\/33597\/revisions"}],"predecessor-version":[{"id":33599,"href":"https:\/\/citizenshiprightsafrica.org\/fr\/wp-json\/wp\/v2\/posts\/33597\/revisions\/33599"}],"wp:attachment":[{"href":"https:\/\/citizenshiprightsafrica.org\/fr\/wp-json\/wp\/v2\/media?parent=33597"}],"wp:term":[{"taxonomy":"category","embeddable":true,"href":"https:\/\/citizenshiprightsafrica.org\/fr\/wp-json\/wp\/v2\/categories?post=33597"},{"taxonomy":"post_tag","embeddable":true,"href":"https:\/\/citizenshiprightsafrica.org\/fr\/wp-json\/wp\/v2\/tags?post=33597"}],"curies":[{"name":"wp","href":"https:\/\/api.w.org\/{rel}","templated":true}]}}