{"id":34431,"date":"2017-05-09T16:44:10","date_gmt":"2017-05-09T16:44:10","guid":{"rendered":"http:\/\/citizenshiprightsafrica.org\/west-africa-becomes-the-first-region-in-the-world-to-adopt-a-plan-of-action-to-end-statelessness\/"},"modified":"2022-01-19T16:49:45","modified_gmt":"2022-01-19T16:49:45","slug":"west-africa-becomes-the-first-region-in-the-world-to-adopt-a-plan-of-action-to-end-statelessness","status":"publish","type":"post","link":"https:\/\/citizenshiprightsafrica.org\/fr\/west-africa-becomes-the-first-region-in-the-world-to-adopt-a-plan-of-action-to-end-statelessness\/","title":{"rendered":"L\u2019Afrique de l\u2019ouest, premi\u00e8re r\u00e9gion au monde \u00e0 adopter un plan d\u2019action pour mettre fin \u00e0 l\u2019apatridie"},"content":{"rendered":"<p><strong>Banjul, le 9 mai 2017<\/strong> \u2013 Les Ministres de la Justice et de l\u2019Int\u00e9rieur des Etats membres de la Communaut\u00e9 Economique des Etats de l\u2019Afrique de l\u2019Ouest (CEDEAO) ont adopt\u00e9 aujourd\u2019hui un plan d\u2019action r\u00e9gional pour l\u2019\u00e9radication de l\u2019apatridie en Afrique de l\u2019Ouest, au terme d\u2019une conf\u00e9rence minist\u00e9rielle organis\u00e9e conjointement par la CEDEAO et l\u2019UNHCR, l\u2019Agence des Nations Unies pour les r\u00e9fugi\u00e9s, et accueillie par le Gouvernement de la R\u00e9publique de Gambie. Les mesures d\u00e9taill\u00e9es assorties d\u2019un calendrier contraignant visent \u00e0 mettre fin \u00e0 l\u2019apatridie d\u2019ici 2024 en s\u2019attaquant aux obstacles \u00e0 l\u2019acquisition de la nationalit\u00e9.<\/p>\n<p>\u00ab\u00a0Un million de personnes sont apatrides en Afrique de l\u2019Ouest \u00bb a rappel\u00e9 M. Volker T\u00fcrk, Haut-Commissaire assistant pour les r\u00e9fugi\u00e9s. \u00ab Priver les individus de nationalit\u00e9, c\u2019est engendrer la souffrance, l\u2019exclusion et la marginalisation \u00bb, a-t-il pr\u00e9cis\u00e9, ajoutant \u00ab\u00a0de plus, on estime \u00e0 au moins 30 pour cent de la population le nombre de celles et ceux qui, dans la r\u00e9gion, n\u2019ont pas de papier prouvant leur identit\u00e9 ou leur nationalit\u00e9\u00a0\u00bb.<\/p>\n<p>\u00ab\u00a0L\u2019adoption du Plan d\u2019action constitue une avanc\u00e9e majeure dans la lutte contre l\u2019apatridie \u00bb a-t-il d\u00e9clar\u00e9. \u00ab\u00a0La r\u00e9gion s\u2019\u00e9tait d\u00e9j\u00e0 engag\u00e9e dans cette lutte il y a deux ans. Elle se dote aujourd\u2019hui d\u2019un nouvel arsenal juridique plus complet et robuste contenant des mesures r\u00e9alistes, adapt\u00e9es aux r\u00e9alit\u00e9s de l\u2019Afrique de l\u2019Ouest. Par ses actions courageuses, l\u2019Afrique de l\u2019Ouest se pose en leader de la lutte contre l\u2019apatridie en Afrique et dans le monde\u00a0\u00bb.<\/p>\n<p>\u00ab\u00a0Le Secr\u00e9taire g\u00e9n\u00e9ral des Nations Unies consid\u00e8re l\u2019\u00e9radication de l\u2019apatridie comme une priorit\u00e9 dans ses efforts pour la pr\u00e9vention des conflits, la r\u00e9silience et la promotion des droits humains\u00a0\u00bb a rappel\u00e9 Mohamed Ibn Chambas, Repr\u00e9sentant sp\u00e9cial du Secr\u00e9taire g\u00e9n\u00e9ral des Nations Unies pour l\u2019Afrique de l\u2019Ouest et le Sahel. \u00ab\u00a0Cette r\u00e9union se pose \u00e0 un moment d\u00e9cisif sur le chemin des progr\u00e8s r\u00e9alis\u00e9s par la CEDEAO, les Nations Unies et le HCR en particulier, vers la mise en \u0153uvre de la D\u00e9claration d\u2019Abidjan sur l\u2019\u00e9radication de l\u2019apatridie\u00a0\u00bb, a-t-il dit.<\/p>\n<p>Le 25 f\u00e9vrier 2015, les 15 \u00c9tats membres de la CEDEAO ont adopt\u00e9 la D\u00e9claration d\u2019Abidjan qui reconnait l\u2019apatridie comme un fl\u00e9au en Afrique de l\u2019Ouest et se sont engag\u00e9s \u00e0 mettre fin \u00e0 ce ph\u00e9nom\u00e8ne d\u2019ici 2024. Le Plan d\u2019action r\u00e9gional adopt\u00e9 aujourd\u2019hui s\u2019appuie sur cette d\u00e9claration et s\u2019articule autour de 3 chantiers\u00a0: l\u2019identification des apatrides et des risques d\u2019apatridie, la pr\u00e9vention et la r\u00e9duction de l\u2019apatridie, et la sensibilisation du public.<\/p>\n<p>En outre, le plan d\u2019action \u00e9nonce des mesures concr\u00e8tes visant \u00e0 tarir les sources de l\u2019apatridie, en palliant aux insuffisances des lois sur la nationalit\u00e9 et aux d\u00e9faillances en mati\u00e8re de preuve de la nationalit\u00e9. \u00ab\u00a0Certaines lois sur la nationalit\u00e9 contiennent encore des discriminations bas\u00e9es sur le genre ou l\u2019appartenance ethnique et raciale\u00a0\u00bb, pr\u00e9cise ainsi Liz Ahua, Repr\u00e9sentante r\u00e9gionale du HCR pour l\u2019Afrique de l\u2019Ouest. \u00ab\u00a0Ces discriminations constituent autant d\u2019obstacles \u00e0 l\u2019acquisition de la nationalit\u00e9 pour les quelques 60 millions de personnes qui, dans la r\u00e9gion n\u2019ont pas de document d\u2019identit\u00e9 et de nationalit\u00e9\u00a0\u00bb, a-t-elle rappel\u00e9. Le Plan d\u2019action pr\u00e9voit l\u2019harmonisation des lois sur la nationalit\u00e9 avec les normes internationales en mati\u00e8re de nationalit\u00e9 et de pr\u00e9vention de l\u2019apatridie\u00a0\u00bb. Les Etats devront ainsi mettre en place des m\u00e9canismes performants et adapt\u00e9s pour garantir \u00e0 toutes les personnes \u00e9ligibles l\u2019obtention de documents d\u2019identit\u00e9 et de nationalit\u00e9.<\/p>\n<p>\u00ab L\u2019apatridie a un impact d\u00e9vastateur sur la vie des individus, car la possession de la nationalit\u00e9 est essentielle pour une pleine participation \u00e0 la soci\u00e9t\u00e9 et une condition pr\u00e9alable pour b\u00e9n\u00e9ficier des droits fondamentaux de l\u2019homme. Je tiens \u00e0 vous assurer de l\u2019engagement de la CEDEAO \u00e0 r\u00e9soudre ce probl\u00e8me \u00bb a d\u00e9clar\u00e9 Dr Fatimata Dia Sow, Commissaire de la Commission de la CEDEAO charg\u00e9e des Affaires sociales et du Genre.\u00ab\u00a0Il est important d\u2019attirer l\u2019attention sur l\u2019apatridie comme nous le faisons car il s\u2019agit d\u2019un ph\u00e9nom\u00e8ne souvent invisible dont les cons\u00e9quences sont n\u00e9anmoins tr\u00e8s importantes, y compris le d\u00e9ni d\u2019acc\u00e8s aux droits fondamentaux de l\u2019homme tels que l\u2019\u00e9ducation, la sant\u00e9 et le droit au travail\u00a0\u00bb a insist\u00e9 Mme Sow.<\/p>\n<p>Les experts des Etats de la CEDEAO se sont r\u00e9unis les 7 et 8 mai pour \u00e9laborer et valider le plan d\u2019action avant de le soumettre aux Ministres pour validation. Ce document sera pr\u00e9sent\u00e9 aux prochaines r\u00e9unions statutaires de la CEDEAO pour \u00eatre ent\u00e9rin\u00e9. Une fois ce processus finalis\u00e9, le plan d\u2019action sera un document l\u00e9galement contraignant pour les Etats membres de la CEDEAO.<\/p>\n<p>A ce jour, douze des quinze Etats membres de la CEDEAO ont adh\u00e9r\u00e9 \u00e0 la Convention de 1954 relative au statut des apatrides, et onze \u00e9tats sont parties \u00e0 la Convention de 1961 sur la r\u00e9duction des cas d\u2019apatridie. Le Ghana, le Cap vert et le Togo se sont engag\u00e9s \u00e0 adh\u00e9rer aux conventions.<\/p>\n<p>L\u2019action des Etats membres et de la CEDEAO s\u2019inscrit dans le cadre de la campagne d\u00e9cennale pour l\u2019\u00e9radication de l\u2019apatridie, lanc\u00e9e par le HCR en 2014. A ce titre, le HCR offre son soutien technique pour l\u2019organisation de la conf\u00e9rence r\u00e9gionale minist\u00e9rielle de Banjul pour la validation et l\u2019adoption du plan d\u2019action r\u00e9gional sur l\u2019\u00e9radication de l\u2019apatridie en Afrique de l\u2019Ouest.<\/p>\n<p>Pour plus d\u2019information sur la d\u00e9claration d\u2019Abidjan et son impact :<\/p>\n<p><a href=\"http:\/\/kora.unhcr.org\/ecowas-members-adopt-declaration-eradication-statelessness-west-africa\/\">http:\/\/kora.unhcr.org\/ecowas-members-adopt-declaration-eradication-statelessness-west-africa\/<\/a><\/p>\n<p><a href=\"http:\/\/kora.unhcr.org\/conference-statelessness-west-africa-kick-abidjan\/\">http:\/\/kora.unhcr.org\/conference-statelessness-west-africa-kick-abidjan\/<\/a><\/p>\n<p><a href=\"http:\/\/unhcr.org\/ecowas2015\/\">http:\/\/unhcr.org\/ecowas2015\/<\/a><\/p>\n<p><a href=\"https:\/\/www.youtube.com\/watch?v=zqkdQmd62dM\">https:\/\/www.youtube.com\/watch?v=zqkdQmd62dM<\/a><\/p>\n","protected":false},"excerpt":{"rendered":"Banjul, le 9 mai 2017 \u2013 Les Ministres de la Justice et de l\u2019Int\u00e9rieur des Etats membres de la Communaut\u00e9 Economique des Etats de l\u2019Afrique de l\u2019Ouest (CEDEAO) ont adopt\u00e9 aujourd\u2019hui un plan d\u2019action r\u00e9gional pour l\u2019\u00e9radication de l\u2019apatridie en Afrique de l\u2019Ouest, au terme d\u2019une conf\u00e9rence minist\u00e9rielle organis\u00e9e conjointement par la CEDEAO et l\u2019UNHCR, [&hellip;]","protected":false},"author":3,"featured_media":0,"comment_status":"closed","ping_status":"closed","sticky":false,"template":"","format":"standard","meta":{"_acf_changed":false,"_monsterinsights_skip_tracking":false,"_monsterinsights_sitenote_active":false,"_monsterinsights_sitenote_note":"","_monsterinsights_sitenote_category":0,"footnotes":""},"categories":[499],"tags":[],"class_list":["post-34431","post","type-post","status-publish","format-standard","hentry","category-non-classifiee","region-afrique-de-l-ouest","type-articles-de-presse","item-year-631","item-theme-apatridie","item-theme-normes-sous-regionales"],"acf":[],"_links":{"self":[{"href":"https:\/\/citizenshiprightsafrica.org\/fr\/wp-json\/wp\/v2\/posts\/34431","targetHints":{"allow":["GET"]}}],"collection":[{"href":"https:\/\/citizenshiprightsafrica.org\/fr\/wp-json\/wp\/v2\/posts"}],"about":[{"href":"https:\/\/citizenshiprightsafrica.org\/fr\/wp-json\/wp\/v2\/types\/post"}],"author":[{"embeddable":true,"href":"https:\/\/citizenshiprightsafrica.org\/fr\/wp-json\/wp\/v2\/users\/3"}],"replies":[{"embeddable":true,"href":"https:\/\/citizenshiprightsafrica.org\/fr\/wp-json\/wp\/v2\/comments?post=34431"}],"version-history":[{"count":1,"href":"https:\/\/citizenshiprightsafrica.org\/fr\/wp-json\/wp\/v2\/posts\/34431\/revisions"}],"predecessor-version":[{"id":34433,"href":"https:\/\/citizenshiprightsafrica.org\/fr\/wp-json\/wp\/v2\/posts\/34431\/revisions\/34433"}],"wp:attachment":[{"href":"https:\/\/citizenshiprightsafrica.org\/fr\/wp-json\/wp\/v2\/media?parent=34431"}],"wp:term":[{"taxonomy":"category","embeddable":true,"href":"https:\/\/citizenshiprightsafrica.org\/fr\/wp-json\/wp\/v2\/categories?post=34431"},{"taxonomy":"post_tag","embeddable":true,"href":"https:\/\/citizenshiprightsafrica.org\/fr\/wp-json\/wp\/v2\/tags?post=34431"}],"curies":[{"name":"wp","href":"https:\/\/api.w.org\/{rel}","templated":true}]}}