{"id":37948,"date":"2021-10-22T13:42:37","date_gmt":"2021-10-22T13:42:37","guid":{"rendered":"https:\/\/citizenshiprightsafrica.org\/?p=37948"},"modified":"2023-03-26T13:44:28","modified_gmt":"2023-03-26T13:44:28","slug":"elaboration-du-plan-dactions-national-de-lutte-contre-lapatridie-en-rdc","status":"publish","type":"post","link":"https:\/\/citizenshiprightsafrica.org\/fr\/elaboration-du-plan-dactions-national-de-lutte-contre-lapatridie-en-rdc\/","title":{"rendered":"Elaboration du plan d\u2019actions national de lutte contre l\u2019apatridie en RDC"},"content":{"rendered":"<p>Kinshasa, 22 octobre 2021 (ACP).- Les d\u00e9put\u00e9s nationaux membres de la commission permanente des droits de l\u2019homme de l\u2019Assembl\u00e9e nationale ont \u00e9labor\u00e9 mercredi le plan d\u2019actions national de lutte contre l\u2019apatridie en RDC, \u00e0 l\u2019issue de l\u2019atelier d\u2019informations et d\u2019appropriation politique de la lutte contre l\u2019apatridie en RDC.<\/p>\n<p>Ces assises organis\u00e9es en partenariat avec le Bureau de liaison avec le parlement de la Conf\u00e9rence \u00e9piscopale nationale du Congo (CENCO), le Comit\u00e9 technique interinstitutionnel de lutte contre l\u2019apatridie (CTLA) et le Haut-commissariat des Nations Unies pour les r\u00e9fugi\u00e9s (UNHCR) tenues du 19 au 20 octobre dans la salle des banquets du Palais du peuple avaient port\u00e9 sous le th\u00e8me : Non \u00e0 l\u2019apatridie et droit universel \u00e0 la nationalit\u00e9 : \u00ab pour un cadre juridique qui garantit une identit\u00e9 juridique \u00e0 tous en adh\u00e9rant aux conventions sur le statut des apatrides et la r\u00e9duction des cas d\u2019apatridie \u00bb.<\/p>\n<p>Cet atelier a dot\u00e9 la RDC d\u2019un cadre programmatique d\u2019actions de pr\u00e9vention de l\u2019apatridie et de protection de l\u2019identit\u00e9 juridique pour tous conform\u00e9ment aux conventions sur l\u2019apatridie, notamment la D\u00e9claration et plan d\u2019actions de la conf\u00e9rence internationale pour la r\u00e9gion des grands Lacs sur l\u2019\u00e9radication de l\u2019apatridie adopt\u00e9e \u00e0 Brazzaville en octobre 2017.<\/p>\n<p>Le vice-ministre de la Justice et garde des sceaux, Mirindi Amango, qui a ouvert et cl\u00f4tur\u00e9 lesdites assises a fait savoir que le gouvernement r\u00e9it\u00e8re son engagement dans la lutte contre l\u2019apatridie en RDC, ajoutant que le gouvernement s\u2019est appropri\u00e9 \u00e0 travers lui de toutes les r\u00e9solutions prises par cet atelier.<\/p>\n<p>\u00ab Dans un d\u00e9lai bref, un projet de loi sur la question de l\u2019apatridie sera pr\u00e9sent\u00e9 au Parlement \u00bb, a-t-il dit, avant d\u2019affirmer que le gouvernement est engag\u00e9 pour une solution sur la question.<\/p>\n<p>Lire la suite: <a href=\"https:\/\/acpcongo.com\/index.php\/2021\/10\/22\/elaboration-du-plan-dactions-national-de-lutte-contre-lapatridie-en-rdc\/\" target=\"_blank\" rel=\"noopener\">https:\/\/acpcongo.com\/index.php\/2021\/10\/22\/elaboration-du-plan-dactions-national-de-lutte-contre-lapatridie-en-rdc\/<\/a><\/p>\n","protected":false},"excerpt":{"rendered":"Kinshasa, 22 octobre 2021 (ACP).- Les d\u00e9put\u00e9s nationaux membres de la commission permanente des droits de l\u2019homme de l\u2019Assembl\u00e9e nationale ont \u00e9labor\u00e9 mercredi le plan d\u2019actions national de lutte contre l\u2019apatridie en RDC, \u00e0 l\u2019issue de l\u2019atelier d\u2019informations et d\u2019appropriation politique de la lutte contre l\u2019apatridie en RDC. Ces assises organis\u00e9es en partenariat avec le [&hellip;]","protected":false},"author":3,"featured_media":0,"comment_status":"closed","ping_status":"closed","sticky":false,"template":"","format":"standard","meta":{"_acf_changed":false,"_monsterinsights_skip_tracking":false,"_monsterinsights_sitenote_active":false,"_monsterinsights_sitenote_note":"","_monsterinsights_sitenote_category":0,"footnotes":""},"categories":[1],"tags":[],"class_list":["post-37948","post","type-post","status-publish","format-standard","hentry","category-uncategorized","region-republique-democratique-du-congo","type-articles-de-presse","item-year-676","item-theme-apatridie"],"acf":[],"_links":{"self":[{"href":"https:\/\/citizenshiprightsafrica.org\/fr\/wp-json\/wp\/v2\/posts\/37948","targetHints":{"allow":["GET"]}}],"collection":[{"href":"https:\/\/citizenshiprightsafrica.org\/fr\/wp-json\/wp\/v2\/posts"}],"about":[{"href":"https:\/\/citizenshiprightsafrica.org\/fr\/wp-json\/wp\/v2\/types\/post"}],"author":[{"embeddable":true,"href":"https:\/\/citizenshiprightsafrica.org\/fr\/wp-json\/wp\/v2\/users\/3"}],"replies":[{"embeddable":true,"href":"https:\/\/citizenshiprightsafrica.org\/fr\/wp-json\/wp\/v2\/comments?post=37948"}],"version-history":[{"count":1,"href":"https:\/\/citizenshiprightsafrica.org\/fr\/wp-json\/wp\/v2\/posts\/37948\/revisions"}],"predecessor-version":[{"id":37949,"href":"https:\/\/citizenshiprightsafrica.org\/fr\/wp-json\/wp\/v2\/posts\/37948\/revisions\/37949"}],"wp:attachment":[{"href":"https:\/\/citizenshiprightsafrica.org\/fr\/wp-json\/wp\/v2\/media?parent=37948"}],"wp:term":[{"taxonomy":"category","embeddable":true,"href":"https:\/\/citizenshiprightsafrica.org\/fr\/wp-json\/wp\/v2\/categories?post=37948"},{"taxonomy":"post_tag","embeddable":true,"href":"https:\/\/citizenshiprightsafrica.org\/fr\/wp-json\/wp\/v2\/tags?post=37948"}],"curies":[{"name":"wp","href":"https:\/\/api.w.org\/{rel}","templated":true}]}}