{"id":38032,"date":"2021-05-10T12:27:39","date_gmt":"2021-05-10T12:27:39","guid":{"rendered":"https:\/\/citizenshiprightsafrica.org\/?p=38032"},"modified":"2023-04-05T12:29:22","modified_gmt":"2023-04-05T12:29:22","slug":"le-niger-modernise-sa-gestion-de-letat-civil","status":"publish","type":"post","link":"https:\/\/citizenshiprightsafrica.org\/fr\/le-niger-modernise-sa-gestion-de-letat-civil\/","title":{"rendered":"Le Niger modernise sa gestion de l\u2019\u00e9tat civil"},"content":{"rendered":"<p>C\u00e9r\u00e9monie de lancement du projet d\u2019informatisation du syst\u00e8me de l\u2019\u00e9tat civil<\/p>\n<p>Par Matti Dan Mallam Adamou<\/p>\n<p>La rencontre, de ce mercredi 2 juin 2021, pr\u00e9sid\u00e9e par M. Alkache Alhada, Ministre de l\u2019Int\u00e9rieur et de la D\u00e9centralisation a marqu\u00e9 le lancement d\u2019un projet de grande ampleur et ambitieux. Un projet combien important dans la dynamique de progr\u00e8s dans laquelle s\u2019est inscrit le Niger. En t\u00e9moigne la pr\u00e9sence de plusieurs membres du gouvernement ayant r\u00e9pondu pr\u00e9sents.<\/p>\n<p>Financ\u00e9e par l\u2019Union Europ\u00e9enne et l\u2019UNICEF dans le cadre du Programme d\u2019Appui \u00e0 la R\u00e9forme de l\u2019Etat Civil (PAREC), ce programme a, dans un premier temps, permis la r\u00e9vision et l\u2019adoption des textes r\u00e9gissant le syst\u00e8me d\u2019\u00e9tat civil et l\u2019adoption de la politique nationale y aff\u00e9rente. C\u2019est ce qui a d\u2019ailleurs favoris\u00e9 le rapprochement des services au plus pr\u00e8s des populations par la g\u00e9n\u00e9ralisation des centres de d\u00e9claration des faits d\u2019\u00e9tat civil dans les villages et tribus administratifs du pays.<\/p>\n<p>Lire la suite: <a href=\"http:\/\/unicef.org\/niger\/fr\/recits\/le-niger-modernise-sa-gestion-de-l%C3%A9tat-civil\" target=\"_blank\" rel=\"noopener\">http:\/\/unicef.org\/niger\/fr\/recits\/le-niger-modernise-sa-gestion-de-l%C3%A9tat-civil<\/a><\/p>\n","protected":false},"excerpt":{"rendered":"C\u00e9r\u00e9monie de lancement du projet d\u2019informatisation du syst\u00e8me de l\u2019\u00e9tat civil Par Matti Dan Mallam Adamou La rencontre, de ce mercredi 2 juin 2021, pr\u00e9sid\u00e9e par M. Alkache Alhada, Ministre de l\u2019Int\u00e9rieur et de la D\u00e9centralisation a marqu\u00e9 le lancement d\u2019un projet de grande ampleur et ambitieux. Un projet combien important dans la dynamique de [&hellip;]","protected":false},"author":3,"featured_media":0,"comment_status":"closed","ping_status":"closed","sticky":false,"template":"","format":"standard","meta":{"_acf_changed":false,"_monsterinsights_skip_tracking":false,"_monsterinsights_sitenote_active":false,"_monsterinsights_sitenote_note":"","_monsterinsights_sitenote_category":0,"footnotes":""},"categories":[1],"tags":[],"class_list":["post-38032","post","type-post","status-publish","format-standard","hentry","category-uncategorized","region-niger-fr","type-articles-de-presse","item-year-676","item-theme-enregistrement-des-naissances"],"acf":[],"_links":{"self":[{"href":"https:\/\/citizenshiprightsafrica.org\/fr\/wp-json\/wp\/v2\/posts\/38032","targetHints":{"allow":["GET"]}}],"collection":[{"href":"https:\/\/citizenshiprightsafrica.org\/fr\/wp-json\/wp\/v2\/posts"}],"about":[{"href":"https:\/\/citizenshiprightsafrica.org\/fr\/wp-json\/wp\/v2\/types\/post"}],"author":[{"embeddable":true,"href":"https:\/\/citizenshiprightsafrica.org\/fr\/wp-json\/wp\/v2\/users\/3"}],"replies":[{"embeddable":true,"href":"https:\/\/citizenshiprightsafrica.org\/fr\/wp-json\/wp\/v2\/comments?post=38032"}],"version-history":[{"count":1,"href":"https:\/\/citizenshiprightsafrica.org\/fr\/wp-json\/wp\/v2\/posts\/38032\/revisions"}],"predecessor-version":[{"id":38033,"href":"https:\/\/citizenshiprightsafrica.org\/fr\/wp-json\/wp\/v2\/posts\/38032\/revisions\/38033"}],"wp:attachment":[{"href":"https:\/\/citizenshiprightsafrica.org\/fr\/wp-json\/wp\/v2\/media?parent=38032"}],"wp:term":[{"taxonomy":"category","embeddable":true,"href":"https:\/\/citizenshiprightsafrica.org\/fr\/wp-json\/wp\/v2\/categories?post=38032"},{"taxonomy":"post_tag","embeddable":true,"href":"https:\/\/citizenshiprightsafrica.org\/fr\/wp-json\/wp\/v2\/tags?post=38032"}],"curies":[{"name":"wp","href":"https:\/\/api.w.org\/{rel}","templated":true}]}}