{"id":6880,"date":"2015-02-25T00:00:00","date_gmt":"2015-02-25T00:00:00","guid":{"rendered":"http:\/\/citizenshiprightsafrica.org\/ecowas-members-adopt-a-declaration-on-eradication-of-statelessness-in-west-africa\/?lang=fr"},"modified":"2020-07-30T12:29:37","modified_gmt":"2020-07-30T12:29:37","slug":"ecowas-members-adopt-a-declaration-on-eradication-of-statelessness-in-west-africa","status":"publish","type":"post","link":"https:\/\/citizenshiprightsafrica.org\/fr\/ecowas-members-adopt-a-declaration-on-eradication-of-statelessness-in-west-africa\/","title":{"rendered":"Les Etats membres de la CEDEAO adoptent une d\u00e9claration sur l\u2019\u00e9radication de l\u2019apatridie en Afrique de l\u2019Ouest"},"content":{"rendered":"<p>ABIDJAN, C\u00d4TE D\u2019IVOIRE, 25 f\u00e9vrier 2015<\/p>\n<p>Apr\u00e8s deux journ\u00e9es de consultations de haut-niveau les 23 et 24 f\u00e9vrier, les Etats membres de la Communaut\u00e9 \u00e9conomique des Etats d\u2019Afrique de l\u2019Ouest (CEDEAO) ont adopt\u00e9 aujourd\u2019hui une D\u00e9claration sur la pr\u00e9vention, la r\u00e9duction et l\u2019\u00e9limination de l\u2019apatridie en Afrique de l\u2019Ouest lors d\u2019une conf\u00e9rence minist\u00e9rielle HCR\/CEDEAO accueillie par le gouvernement de C\u00f4te d\u2019Ivoire.<\/p>\n<p>Au moins 750 000 personnes sont apatrides ou \u00e0 risque d\u2019apatridie dans la r\u00e9gion et tombent souvent dans un vide juridique, ont un acc\u00e8s limit\u00e9 \u00e0 l\u2019\u00e9ducation, \u00e0 la sant\u00e9 et au travail. Ils sont aussi vuln\u00e9rables aux discriminations et aux abus car ils n\u2019ont pas d\u2019existence juridique et ne sont pas reconnus aux yeux de la loi.<\/p>\n<p>Le pr\u00e9sident de C\u00f4te d\u2019Ivoire, son Excellence Monsieur Alassane Ouattara, le Haut-Commissaire du HCR Ant\u00f3nio Guterres et le Vice-pr\u00e9sident de la Commission de la CEDEAO Dr. Toga Gayewea Mcintosh ont ouvert la Conf\u00e9rence minist\u00e9rielle sur l\u2019apatridie en Afrique de l\u2019Ouest ce matin (mercredi 25) \u00e0 Abidjan \u2013 la premi\u00e8re du genre en Afrique.<\/p>\n<p>\u00ab\u00a0Je demeure convaincu que seule une v\u00e9ritable coop\u00e9ration internationale peut permettre de r\u00e9duire consid\u00e9rablement l\u2019apatridie dans nos pays. C\u2019est ensemble que nous pouvons arr\u00eater des solutions inspir\u00e9es des trait\u00e9s internationaux, pour mettre fin \u00e0 ce fl\u00e9au dans un d\u00e9lai de dix ans\u00a0\u00bb, a soulign\u00e9 le Pr\u00e9sident Ouattara lors de la conf\u00e9rence.<\/p>\n<p>Le Repr\u00e9sentant sp\u00e9cial du Secr\u00e9taire g\u00e9n\u00e9ral des Nations Unies pour l\u2019Afrique de\u00a0l\u2019Ouest, Dr. Mohamed Ibn Chambas, ainsi que la Commissaire aux affaires politiques de l\u2019Union Africaine, Dr. Aisha Abdullahi, ont aussi prononc\u00e9 des discours d\u2019ouverture. La conf\u00e9rence a r\u00e9uni des Ministres de la Justice, de l\u2019Int\u00e9rieur et des Affaires \u00e9trang\u00e8res des 15 Etats membres de la CEDEAO, ou leurs repr\u00e9sentants, responsables, entre autres, de questions de nationalit\u00e9.<\/p>\n<p>\u00ab\u00a0 La plupart prennent pour acquis le fait d\u2019avoir une nationalit\u00e9 = mais pour ceux qui n\u2019en ont pas, ou qui ne peuvent pas la prouver, il s\u2019agit souvent d\u2019une condamnation \u00e0 une vie de discrimination, de frustration et de d\u00e9sespoir\u00a0\u00bb a dit M. Guterres.<\/p>\n<p>Des repr\u00e9sentants d\u2019organisations internationales notamment l\u2019Union Africaine et la Commission africaine des droits de l\u2019homme et des peuples \u00e9taient \u00e9galement pr\u00e9sents ainsi que des agences de l\u2019ONU, l\u2019Organisation Internationale de la Migration, des repr\u00e9sentants de la soci\u00e9t\u00e9 civile, des institutions nationales des droits de l\u2019homme, des universitaires et des experts internationaux.<\/p>\n<p>\u00ab\u00a0L\u2019apatridie est une question qui ne porte pas seulement sur l\u2019humanit\u00e9 et la dignit\u00e9 de milliers de personnes mais aussi sur la paix et la s\u00e9curit\u00e9 dans la r\u00e9gion\u00a0\u00bb a d\u00e9clar\u00e9 le Vice-pr\u00e9sident de la Commission de la CEDEAO, Dr. Mcintosh.<\/p>\n<p>La D\u00e9claration contient 25 engagements et souligne, entre autres, la n\u00e9cessit\u00e9 pour les Etats de la r\u00e9gion de la CEDEAO d\u2019obtenir tout d\u2019abord des informations concr\u00e8tes sur les causes de l\u2019apatridie, le nombre et le profil des personnes apatrides dans la r\u00e9gion. Le texte met aussi l\u2019accent sur l\u2019importance de s\u2019assurer que chaque enfant acquiert une nationalit\u00e9 \u00e0 la naissance et que tous les enfants trouv\u00e9s soient consid\u00e9r\u00e9s comme nationaux de l\u2019Etat dans lequel ils sont recueillis. La D\u00e9claration se concentre aussi sur le besoin d\u2019assurer aux hommes et aux femmes des droits \u00e9gaux pour acqu\u00e9rir, changer ou conserver leur nationalit\u00e9 ou transmettre leur nationalit\u00e9 \u00e0 leurs enfants.<\/p>\n<p>Ce texte souligne aussi l\u2019importance de prot\u00e9ger les personnes apatrides en restaurant leur dignit\u00e9 et, en particulier, en leur fournissant une identit\u00e9 et des documents. Il invite les Etats membres qui ne l\u2019ont pas encore fait \u00e0 adh\u00e9rer au plus t\u00f4t \u00e0 la Convention de 1954 relative au statut des personnes apatrides ainsi qu\u2019\u00e0 la Convention de 1961 sur la r\u00e9duction de l\u2019apatridie. Cette conf\u00e9rence s\u2019inscrit dans le contexte de la campagne mondiale du HCR #IBelong pour \u00e9radique l\u2019apatridie d\u2019ici \u00e0 2024.<\/p>\n<p>Dans ses remarques de cl\u00f4ture, le Haut-Commissaire a affirm\u00e9 que l\u2019Afrique de l\u2019Ouest est connue \u00e0 travers le Monde pour sa grande hospitalit\u00e9.\u00a0\u00a0 \u00ab\u00a0Aujourd\u2019hui, l\u2019engagement de la r\u00e9gion \u00e0 mettre fin \u00e0 l\u2019apatridie refl\u00e8te le meilleur de cette tradition\u00a0\u00bb a conclu le Haut- Commissaire M. Guterres. \u00ab\u00a0 Elle reconnait qu\u2019en d\u00e9finitive, le concept d\u2019\u00a0\u00ab\u00a0appartenance\u00a0\u00bb va au-del\u00e0 des textes juridiques et des pi\u00e8ces d\u2019identit\u00e9, et n\u00e9cessite la volont\u00e9 politique de promouvoir la tol\u00e9rance et l\u2019acceptation de l\u2019autre, l\u2019espace social et humain o\u00f9 tous les membres de la soci\u00e9t\u00e9 peuvent \u00eatre reconnus et \u00e0 laquelle ils peuvent contribuer, et appartenir.\u00a0\u00bb<\/p>\n<p>Lire la suite: <a href=\"http:\/\/www.ecowas.int\/les-etats-membres-de-la-cedeao-adoptent-une-declaration-sur-leradication-de-lapatridie-en-afrique-de-louest\/?lang=fr\" target=\"_blank\" rel=\"noopener noreferrer\">http:\/\/www.ecowas.int\/les-etats-membres-de-la-cedeao-adoptent-une-declaration-sur-leradication-de-lapatridie-en-afrique-de-louest\/?lang=fr<\/a><\/p>\n","protected":false},"excerpt":{"rendered":"ABIDJAN, C\u00d4TE D\u2019IVOIRE, 25 f\u00e9vrier 2015 Apr\u00e8s deux journ\u00e9es de consultations de haut-niveau les 23 et 24 f\u00e9vrier, les Etats membres de la Communaut\u00e9 \u00e9conomique des Etats d\u2019Afrique de l\u2019Ouest (CEDEAO) ont adopt\u00e9 aujourd\u2019hui une D\u00e9claration sur la pr\u00e9vention, la r\u00e9duction et l\u2019\u00e9limination de l\u2019apatridie en Afrique de l\u2019Ouest lors d\u2019une conf\u00e9rence minist\u00e9rielle HCR\/CEDEAO accueillie [&hellip;]","protected":false},"author":1,"featured_media":0,"comment_status":"closed","ping_status":"closed","sticky":false,"template":"","format":"standard","meta":{"_acf_changed":false,"_monsterinsights_skip_tracking":false,"_monsterinsights_sitenote_active":false,"_monsterinsights_sitenote_note":"","_monsterinsights_sitenote_category":0,"footnotes":""},"categories":[499],"tags":[],"class_list":["post-6880","post","type-post","status-publish","format-standard","hentry","category-non-classifiee","region-afrique-de-l-ouest","type-articles-de-presse","item-year-396","item-theme-apatridie","item-theme-normes-africaines","item-theme-normes-sous-regionales"],"acf":[],"_links":{"self":[{"href":"https:\/\/citizenshiprightsafrica.org\/fr\/wp-json\/wp\/v2\/posts\/6880","targetHints":{"allow":["GET"]}}],"collection":[{"href":"https:\/\/citizenshiprightsafrica.org\/fr\/wp-json\/wp\/v2\/posts"}],"about":[{"href":"https:\/\/citizenshiprightsafrica.org\/fr\/wp-json\/wp\/v2\/types\/post"}],"author":[{"embeddable":true,"href":"https:\/\/citizenshiprightsafrica.org\/fr\/wp-json\/wp\/v2\/users\/1"}],"replies":[{"embeddable":true,"href":"https:\/\/citizenshiprightsafrica.org\/fr\/wp-json\/wp\/v2\/comments?post=6880"}],"version-history":[{"count":3,"href":"https:\/\/citizenshiprightsafrica.org\/fr\/wp-json\/wp\/v2\/posts\/6880\/revisions"}],"predecessor-version":[{"id":28008,"href":"https:\/\/citizenshiprightsafrica.org\/fr\/wp-json\/wp\/v2\/posts\/6880\/revisions\/28008"}],"wp:attachment":[{"href":"https:\/\/citizenshiprightsafrica.org\/fr\/wp-json\/wp\/v2\/media?parent=6880"}],"wp:term":[{"taxonomy":"category","embeddable":true,"href":"https:\/\/citizenshiprightsafrica.org\/fr\/wp-json\/wp\/v2\/categories?post=6880"},{"taxonomy":"post_tag","embeddable":true,"href":"https:\/\/citizenshiprightsafrica.org\/fr\/wp-json\/wp\/v2\/tags?post=6880"}],"curies":[{"name":"wp","href":"https:\/\/api.w.org\/{rel}","templated":true}]}}